{"id":13897,"date":"2020-03-14T11:20:00","date_gmt":"2020-03-14T10:20:00","guid":{"rendered":"http:\/\/laboxfromage.fr\/blog\/?p=13897"},"modified":"2020-03-14T11:20:00","modified_gmt":"2020-03-14T10:20:00","slug":"marie-harel-camembert","status":"publish","type":"post","link":"https:\/\/laboxfromage.fr\/blog\/marie-harel-camembert\/","title":{"rendered":"L&rsquo;histoire de Marie Harel et de l&rsquo;origine du Camembert"},"content":{"rendered":"\t\t<div data-elementor-type=\"wp-post\" data-elementor-id=\"13897\" class=\"elementor elementor-13897\" data-elementor-post-type=\"post\">\n\t\t\t\t\t\t<section class=\"elementor-section elementor-top-section elementor-element elementor-element-27f92c5 elementor-section-boxed elementor-section-height-default elementor-section-height-default\" data-id=\"27f92c5\" data-element_type=\"section\" data-e-type=\"section\">\n\t\t\t\t\t\t<div class=\"elementor-container elementor-column-gap-default\">\n\t\t\t\t\t<div class=\"elementor-column elementor-col-100 elementor-top-column elementor-element elementor-element-7aa1681c\" data-id=\"7aa1681c\" data-element_type=\"column\" data-e-type=\"column\">\n\t\t\t<div class=\"elementor-widget-wrap elementor-element-populated\">\n\t\t\t\t\t\t<div class=\"elementor-element elementor-element-db6f9fe elementor-widget elementor-widget-text-editor\" data-id=\"db6f9fe\" data-element_type=\"widget\" data-e-type=\"widget\" data-widget_type=\"text-editor.default\">\n\t\t\t\t<div class=\"elementor-widget-container\">\n\t\t\t\t\t\t\t\t\t<p>\u00ab Claquos \u00bb, \u00ab calendos \u00bb ou encore \u00ab camembos \u00bb&#8230; \u00e0 chacun son tendre surnom. Peu importe comment vous le d\u00e9signez, le <a href=\"https:\/\/laboxfromage.fr\/blog\/camembert\/\" target=\"_blank\" rel=\"noopener\">Camembert<\/a> est bel et bien <strong>LE fromage pr\u00e9f\u00e9r\u00e9 des Fran\u00e7ais<\/strong> et le plus consomm\u00e9 de tout l&rsquo;Hexagone.<\/p>\n<p>Et c&rsquo;est \u00e0 une femme, <strong>Marie Harel<\/strong>, que nous devons ce fleuron de la gastronomie fran\u00e7aise. C\u2019est elle qu&rsquo;il faut remercier pour ce v\u00e9ritable <strong>symbole national <\/strong>ici-bas et par del\u00e0 nos fronti\u00e8res ! Laissez-nous vous conter l&rsquo;histoire de l&rsquo;<strong>origine du Camembert<\/strong>.<\/p>\t\t\t\t\t\t\t\t<\/div>\n\t\t\t\t<\/div>\n\t\t\t\t<div class=\"elementor-element elementor-element-5e1ccbf elementor-widget-divider--view-line_icon elementor-view-default elementor-widget-divider--element-align-center elementor-widget elementor-widget-divider\" data-id=\"5e1ccbf\" data-element_type=\"widget\" data-e-type=\"widget\" data-widget_type=\"divider.default\">\n\t\t\t\t<div class=\"elementor-widget-container\">\n\t\t\t\t\t\t\t<div class=\"elementor-divider\">\n\t\t\t<span class=\"elementor-divider-separator\">\n\t\t\t\t\t\t\t<div class=\"elementor-icon elementor-divider__element\">\n\t\t\t\t\t<svg xmlns=\"http:\/\/www.w3.org\/2000\/svg\" xmlns:xlink=\"http:\/\/www.w3.org\/1999\/xlink\" id=\"Capa_1\" x=\"0px\" y=\"0px\" viewBox=\"0 0 58.048 58.048\" style=\"enable-background:new 0 0 58.048 58.048;\" xml:space=\"preserve\"><path d=\"M57.178,26.494l-0.028-0.004c-0.011-0.002-0.021-0.009-0.032-0.01l-5.341-0.702l-0.002-10.454 c0-0.007,0.003-0.016,0.003-0.016c0-0.018-0.003-0.028-0.003-0.04v-0.025c-0.001-0.031-0.008-0.06-0.01-0.091 c-0.007-0.11-0.016-0.22-0.038-0.328c-0.005-0.024-0.014-0.048-0.019-0.072c-0.027-0.119-0.06-0.237-0.105-0.354 c-0.004-0.009-0.009-0.018-0.012-0.027c-1.639-4.134-14.051-6.848-25.701-6.848C13.386,7.524,0,10.649,0,15.301 c0,0.015,0.004,0.03,0.004,0.044L0,33.524c0,4.321,11.907,8.111,25.481,8.111l0.53-0.004c0.548-0.006,0.988-0.452,0.988-1v-6.728 c1.079,0.359,2.654,0.887,4,1.34v8.281c0,0.234,0.082,0.461,0.231,0.641l5,6c0.01,0.012,0.026,0.016,0.036,0.028 c0.011,0.012,0.016,0.029,0.027,0.041c0.057,0.056,0.128,0.089,0.195,0.13c0.038,0.023,0.069,0.055,0.11,0.073 c0.125,0.055,0.26,0.088,0.4,0.088c0.002,0,0.003,0,0.005,0c8.113-0.038,15.725-0.986,20.36-2.536 c0.407-0.136,0.683-0.519,0.683-0.948V27.485C58.048,26.983,57.676,26.559,57.178,26.494z M37.498,28.963l-2.712-3.134l11.076,1.194 l0.007,0.001l0.001,0l2.236,0.293l3.453,0.454C47.58,28.485,42.667,28.91,37.498,28.963z M49.776,25.515L47,25.15v-3.829 c1.081-0.434,2.021-1.136,2.775-1.955L49.776,25.515z M27,31.795v-9.271c0-0.011-0.004-0.021-0.005-0.033 c-0.001-0.036-0.011-0.07-0.015-0.106c-0.008-0.054-0.012-0.109-0.028-0.162c-0.013-0.043-0.038-0.083-0.057-0.124 c-0.019-0.041-0.032-0.084-0.056-0.122l-3.386-5.199L45,21.334v3.553l-12.822-1.685c-0.014-0.002-0.028,0.002-0.042,0.001 l-0.006-0.001c-0.031-0.004-0.061,0.003-0.092,0.001c-0.048-0.002-0.096-0.002-0.144,0.002c-0.055,0.006-0.107,0.018-0.16,0.033 c-0.028,0.008-0.056,0.007-0.084,0.017c-0.018,0.007-0.032,0.02-0.049,0.028c-0.048,0.021-0.091,0.048-0.136,0.076 c-0.042,0.027-0.082,0.053-0.119,0.085c-0.037,0.032-0.069,0.069-0.101,0.107c-0.033,0.039-0.064,0.077-0.091,0.12 c-0.01,0.017-0.026,0.029-0.035,0.046c-0.015,0.029-0.019,0.06-0.032,0.09c-0.019,0.046-0.037,0.091-0.05,0.14 c-0.013,0.052-0.019,0.104-0.024,0.157C31.011,24.135,31,24.163,31,24.194v0.33v8.608C28.86,32.413,27.676,32.015,27,31.795z  M33,34.524v-7.646l3,3.467v16.418l-3-3.601V34.524z\"><\/path><g><\/g><g><\/g><g><\/g><g><\/g><g><\/g><g><\/g><g><\/g><g><\/g><g><\/g><g><\/g><g><\/g><g><\/g><g><\/g><g><\/g><g><\/g><\/svg><\/div>\n\t\t\t\t\t\t<\/span>\n\t\t<\/div>\n\t\t\t\t\t\t<\/div>\n\t\t\t\t<\/div>\n\t\t\t\t<div class=\"elementor-element elementor-element-7ed95d8 elementor-widget elementor-widget-heading\" data-id=\"7ed95d8\" data-element_type=\"widget\" data-e-type=\"widget\" data-widget_type=\"heading.default\">\n\t\t\t\t<div class=\"elementor-widget-container\">\n\t\t\t\t\t<h2 class=\"elementor-heading-title elementor-size-default\">Marie Harel, celle qui a invent\u00e9 le Camembert<\/h2>\t\t\t\t<\/div>\n\t\t\t\t<\/div>\n\t\t\t\t<div class=\"elementor-element elementor-element-9bd7563 elementor-widget elementor-widget-text-editor\" data-id=\"9bd7563\" data-element_type=\"widget\" data-e-type=\"widget\" data-widget_type=\"text-editor.default\">\n\t\t\t\t<div class=\"elementor-widget-container\">\n\t\t\t\t\t\t\t\t\t<p>L&rsquo;origine du Camembert remonte \u00e0 la fin du 18\u00e8me si\u00e8cle dans l\u2019actuelle Basse-Normandie, tout pr\u00e8s de la ville de Camembert. La l\u00e9gende raconte qu\u2019une agricultrice, Marie Harel n\u00e9e \u00e0 Vimoutiers (Normandie) le 28 avril 1761, serait <strong>l\u2019inventrice du camembert<\/strong>. Plus pr\u00e9cis\u00e9ment, ce serait l\u2019abb\u00e9 Charles-Jean Bonvoust qui lui aurait transmis la recette en \u00e9change de son aide pour fuir les r\u00e9publicains&#8230;<\/p>\n<p><!-- \/wp:paragraph --><!-- wp:paragraph --><\/p>\n<p>L\u2019abb\u00e9 aurait conseill\u00e9 \u00e0 Marie Harel qui produisait alors des fromages frais classiques de proc\u00e9der \u00e0 <strong>un \u00e9gouttage, un salage et un s\u00e9chage sur planches de bois, comme il \u00e9tait alors de coutume en Brie<\/strong>. En quelques jours, le fromage se serait recouvert de la jolie cro\u00fbte fleurie que nous lui connaissons aujourd\u2019hui. Le Camembert \u00e9tait n\u00e9 !<\/p>\t\t\t\t\t\t\t\t<\/div>\n\t\t\t\t<\/div>\n\t\t\t\t<div class=\"elementor-element elementor-element-663df21 elementor-widget elementor-widget-gallery\" data-id=\"663df21\" data-element_type=\"widget\" data-e-type=\"widget\" data-settings=\"{&quot;columns&quot;:2,&quot;aspect_ratio&quot;:&quot;1:1&quot;,&quot;lazyload&quot;:&quot;yes&quot;,&quot;gallery_layout&quot;:&quot;grid&quot;,&quot;columns_tablet&quot;:2,&quot;columns_mobile&quot;:1,&quot;gap&quot;:{&quot;unit&quot;:&quot;px&quot;,&quot;size&quot;:10,&quot;sizes&quot;:[]},&quot;gap_tablet_extra&quot;:{&quot;unit&quot;:&quot;px&quot;,&quot;size&quot;:10,&quot;sizes&quot;:[]},&quot;gap_tablet&quot;:{&quot;unit&quot;:&quot;px&quot;,&quot;size&quot;:10,&quot;sizes&quot;:[]},&quot;gap_mobile&quot;:{&quot;unit&quot;:&quot;px&quot;,&quot;size&quot;:10,&quot;sizes&quot;:[]},&quot;link_to&quot;:&quot;file&quot;,&quot;overlay_background&quot;:&quot;yes&quot;,&quot;content_hover_animation&quot;:&quot;fade-in&quot;}\" data-widget_type=\"gallery.default\">\n\t\t\t\t<div class=\"elementor-widget-container\">\n\t\t\t\t\t\t\t<div class=\"elementor-gallery__container\">\n\t\t\t\t\t\t\t<a class=\"e-gallery-item elementor-gallery-item elementor-animated-content\" href=\"https:\/\/static.laboxfromage.fr\/wp-content\/uploads\/2020\/02\/17151252\/marie-harel-affinage.png\" data-elementor-open-lightbox=\"yes\" data-elementor-lightbox-slideshow=\"663df21\" data-elementor-lightbox-title=\"marie harel\" data-e-action-hash=\"#elementor-action%3Aaction%3Dlightbox%26settings%3DeyJpZCI6MTM5MzUsInVybCI6Imh0dHBzOlwvXC9zdGF0aWMubGFib3hmcm9tYWdlLmZyXC93cC1jb250ZW50XC91cGxvYWRzXC8yMDIwXC8wMlwvMTcxNTEyNTJcL21hcmllLWhhcmVsLWFmZmluYWdlLnBuZyIsInNsaWRlc2hvdyI6IjY2M2RmMjEifQ%3D%3D\">\n\t\t\t\t\t<div class=\"e-gallery-image elementor-gallery-item__image\" data-thumbnail=\"https:\/\/static.laboxfromage.fr\/wp-content\/uploads\/2020\/02\/17151252\/marie-harel-affinage.png\" data-width=\"634\" data-height=\"632\" aria-label=\"Histoire du Camembert\" role=\"img\" ><\/div>\n\t\t\t\t\t\t\t\t\t\t\t<div class=\"elementor-gallery-item__overlay\"><\/div>\n\t\t\t\t\t\t\t\t\t\t\t\t\t\t<\/a>\n\t\t\t\t\t\t\t<a class=\"e-gallery-item elementor-gallery-item elementor-animated-content\" href=\"https:\/\/static.laboxfromage.fr\/wp-content\/uploads\/2020\/02\/17151238\/marie-harel-statue.jpg\" data-elementor-open-lightbox=\"yes\" data-elementor-lightbox-slideshow=\"663df21\" data-elementor-lightbox-title=\"marie harel\" data-e-action-hash=\"#elementor-action%3Aaction%3Dlightbox%26settings%3DeyJpZCI6MTM5MzMsInVybCI6Imh0dHBzOlwvXC9zdGF0aWMubGFib3hmcm9tYWdlLmZyXC93cC1jb250ZW50XC91cGxvYWRzXC8yMDIwXC8wMlwvMTcxNTEyMzhcL21hcmllLWhhcmVsLXN0YXR1ZS5qcGciLCJzbGlkZXNob3ciOiI2NjNkZjIxIn0%3D\">\n\t\t\t\t\t<div class=\"e-gallery-image elementor-gallery-item__image\" data-thumbnail=\"https:\/\/static.laboxfromage.fr\/wp-content\/uploads\/2020\/02\/17151238\/marie-harel-statue-1024x1024.jpg\" data-width=\"800\" data-height=\"800\" aria-label=\"Celle qui a invent\u00e9 le Camembert\" role=\"img\" ><\/div>\n\t\t\t\t\t\t\t\t\t\t\t<div class=\"elementor-gallery-item__overlay\"><\/div>\n\t\t\t\t\t\t\t\t\t\t\t\t\t\t<\/a>\n\t\t\t\t\t<\/div>\n\t\t\t\t\t<\/div>\n\t\t\t\t<\/div>\n\t\t\t\t<div class=\"elementor-element elementor-element-1d1eedd elementor-widget elementor-widget-text-editor\" data-id=\"1d1eedd\" data-element_type=\"widget\" data-e-type=\"widget\" data-widget_type=\"text-editor.default\">\n\t\t\t\t<div class=\"elementor-widget-container\">\n\t\t\t\t\t\t\t\t\t<figure class=\"wp-block-gallery has-nested-images columns-default is-cropped\" style=\"box-sizing: border-box; margin: 0px; padding: 0px; border: 0px; outline: 0px; font-variant-ligatures: normal; font-variant-caps: normal; font-variant-numeric: inherit; font-variant-east-asian: inherit; font-stretch: inherit; line-height: inherit; vertical-align: baseline; font-family: Raleway; font-size: 16px; font-style: normal; font-weight: 300; display: flex; flex-wrap: wrap; list-style-type: none; color: #141414; letter-spacing: normal; orphans: 2; text-align: start; text-indent: 0px; text-transform: none; white-space: normal; widows: 2; word-spacing: 0px; -webkit-text-stroke-width: 0px; background-color: #ffffff; text-decoration-thickness: initial; text-decoration-style: initial; text-decoration-color: initial;\">\n<figcaption class=\"blocks-gallery-caption\" style=\"box-sizing: border-box; margin: 0px; padding: 0px; border: 0px; outline: 0px; font-variant: inherit; font-stretch: inherit; line-height: inherit; vertical-align: baseline; font-family: inherit; font-size: 13px; font-style: inherit; font-weight: inherit; display: block; color: #555555; text-align: center; flex-grow: 1; flex-basis: 100%;\">Affinage des camemberts sur des planches en bois \/ La statue de Marie Harel sur la place de Vimoutiers<\/figcaption>\n<\/figure>\t\t\t\t\t\t\t\t<\/div>\n\t\t\t\t<\/div>\n\t\t\t\t<div class=\"elementor-element elementor-element-62aa41d elementor-widget elementor-widget-text-editor\" data-id=\"62aa41d\" data-element_type=\"widget\" data-e-type=\"widget\" data-widget_type=\"text-editor.default\">\n\t\t\t\t<div class=\"elementor-widget-container\">\n\t\t\t\t\t\t\t\t\t<p><!-- \/wp:spacer --><!-- wp:paragraph --><\/p>\n<p>La folle histoire du Camembert se poursuit quelques d\u00e9cennies plus tard, avec la fille de <strong>Marie<\/strong> Harel, pr\u00e9nomm\u00e9e elle aussi <strong>Marie<\/strong>, et son <strong>mari<\/strong> Thomas (vous suivez ?) qui <strong>d\u00e9veloppent la fabrication du fromage<\/strong>\u00a0pour le vendre sur le march\u00e9 de Vimoutiers. Apr\u00e8s de multiples railleries de la part des villageois, l\u2019attention des gastronomes est petit \u00e0 petit attir\u00e9e par ce nouveau produit, si bien, qu\u2019en l\u2019espace de quelques mois, Marie Harel se trouve incapable de satisfaire toute la demande locale ! La nouvelle se r\u00e9pand et <strong>la demande en camemberts fleurit au m\u00eame rythme que les stations baln\u00e9aires sur les c\u00f4tes normandes&#8230;<\/strong><\/p>\t\t\t\t\t\t\t\t<\/div>\n\t\t\t\t<\/div>\n\t\t\t\t<div class=\"elementor-element elementor-element-e34e77c elementor-blockquote--skin-border elementor-widget elementor-widget-blockquote\" data-id=\"e34e77c\" data-element_type=\"widget\" data-e-type=\"widget\" data-widget_type=\"blockquote.default\">\n\t\t\t\t<div class=\"elementor-widget-container\">\n\t\t\t\t\t\t\t<blockquote class=\"elementor-blockquote\">\n\t\t\t<p class=\"elementor-blockquote__content\">\n\t\t\t\tLa bo\u00eete en bois ronde fut cr\u00e9\u00e9e en 1880 tout sp\u00e9cialement pour le camembert ! Elle permettait de faciliter son transport alors qu'il connaissait un succ\u00e8s grandissant.\t\t\t<\/p>\n\t\t\t\t\t<\/blockquote>\n\t\t\t\t\t\t<\/div>\n\t\t\t\t<\/div>\n\t\t\t\t<div class=\"elementor-element elementor-element-fd945a5 elementor-widget elementor-widget-text-editor\" data-id=\"fd945a5\" data-element_type=\"widget\" data-e-type=\"widget\" data-widget_type=\"text-editor.default\">\n\t\t\t\t<div class=\"elementor-widget-container\">\n\t\t\t\t\t\t\t\t\t<p>C\u2019est ainsi propuls\u00e9 par les embruns des c\u00f4tes de la Manche que le Camembert part \u00e0 la conqu\u00eate de la <strong>bourgeoisie parisienne<\/strong>, puis, par r\u00e9putation, de la France toute enti\u00e8re ! On dit m\u00eame que <strong>Napol\u00e9on III<\/strong> en serait tomb\u00e9 baba lors d\u2019un s\u00e9jour en Normandie et qu\u2019il s\u2019en serait fait livrer des quantit\u00e9s d\u00e9raisonnables aux Tuileries pour le servir \u00e0 sa prestigieuse table.<\/p>\t\t\t\t\t\t\t\t<\/div>\n\t\t\t\t<\/div>\n\t\t\t\t<div class=\"elementor-element elementor-element-9bb0aaf elementor-widget elementor-widget-heading\" data-id=\"9bb0aaf\" data-element_type=\"widget\" data-e-type=\"widget\" data-widget_type=\"heading.default\">\n\t\t\t\t<div class=\"elementor-widget-container\">\n\t\t\t\t\t<h2 class=\"elementor-heading-title elementor-size-default\">Le v\u00e9ritable Camembert originel<\/h2>\t\t\t\t<\/div>\n\t\t\t\t<\/div>\n\t\t\t\t<section class=\"elementor-section elementor-inner-section elementor-element elementor-element-90b8d3d elementor-section-boxed elementor-section-height-default elementor-section-height-default\" data-id=\"90b8d3d\" data-element_type=\"section\" data-e-type=\"section\">\n\t\t\t\t\t\t<div class=\"elementor-container elementor-column-gap-default\">\n\t\t\t\t\t<div class=\"elementor-column elementor-col-50 elementor-inner-column elementor-element elementor-element-8476760\" data-id=\"8476760\" data-element_type=\"column\" data-e-type=\"column\">\n\t\t\t<div class=\"elementor-widget-wrap elementor-element-populated\">\n\t\t\t\t\t\t<div class=\"elementor-element elementor-element-5a5ceff elementor-widget elementor-widget-text-editor\" data-id=\"5a5ceff\" data-element_type=\"widget\" data-e-type=\"widget\" data-widget_type=\"text-editor.default\">\n\t\t\t\t<div class=\"elementor-widget-container\">\n\t\t\t\t\t\t\t\t\t<p>Le Camembert appartient \u00e0 la famille des<strong> fromages \u00e0 p\u00e2te molle et cro\u00fbte fleurie<\/strong>, comme son proche cousin le Brie, ou encore le Chaource et le Brillat-Savarin. La forme actuelle du Camembert n\u2019a que peu \u00e9volu\u00e9 depuis sa mise au point par Marie Harel et les caract\u00e9ristiques du <strong>v\u00e9ritable camembert de Normandie<\/strong> doivent se conformer au <a href=\"https:\/\/www.legifrance.gouv.fr\/affichTexte.do?cidTexte=JORFTEXT000019502610&amp;categorieLien=cid\" target=\"_blank\" rel=\"noopener\">D\u00e9cret n\u00b0 2008-984<\/a>.<\/p>\n<p><!-- \/wp:paragraph --><!-- wp:paragraph --><\/p>\n<p>Ainsi, un Camembert d&rsquo;origine tel que celui que fabriquait Marie Harel doit imp\u00e9rativement :<\/p>\n<p><!-- \/wp:paragraph --><!-- wp:list --><\/p>\n<ul>\n<li>\u00eatre <strong>cylindrique<\/strong> (environ 11 cm de diam\u00e8tre),<\/li>\n<li><strong>peser 250 grammes<\/strong> minimum \u00e0 l&#8217;emballage,<\/li>\n<li>pr\u00e9senter une <strong>teneur en mati\u00e8re grasse de 22 %<\/strong> sur le produit fini,<\/li>\n<li>\u00eatre <strong>moul\u00e9 \u00e0 la louche<\/strong>,<\/li>\n<li>\u00eatre commercialis\u00e9 dans une <strong>bo\u00eete en bois<\/strong>.<\/li>\n<\/ul>\n<p>Pour qu\u2019il b\u00e9n\u00e9ficie de l\u2019AOC et de l\u2019appellation d\u2019origine prot\u00e9g\u00e9e, <strong>le v\u00e9ritable \u201cCamembert de Normandie\u201d doit : <\/strong><\/p>\n<p><!-- \/wp:paragraph --><!-- wp:list --><\/p>\n<ul>\n<li>\u00eatre r\u00e9alis\u00e9 au sein de cette r\u00e9gion,<\/li>\n<li>\u00eatre fabriqu\u00e9 \u00e0 partir de <a href=\"https:\/\/laboxfromage.fr\/blog\/fromage-lait-cru-ou-pasteurise\/\" target=\"_blank\" rel=\"noopener\"><strong>lait cru<\/strong><\/a> originaire de Normandie.<\/li>\n<\/ul>\n<p><!-- \/wp:list --><!-- wp:paragraph --><\/p>\n<p>Ce camembert v\u00e9ritable ne repr\u00e9sente h\u00e9las que <strong>4 % des camemberts fabriqu\u00e9s en France<\/strong>, le reste \u00e9tant des Camemberts pouvant \u00eatre fabriqu\u00e9s n\u2019importe o\u00f9 avec du lait de n\u2019importe quelle origine. <strong>La plus grosse production de Camembert au monde <\/strong>n&rsquo;est d&rsquo;ailleurs m\u00eame pas fran\u00e7aise : elle se situe aux Etats-Unis, dans l\u2019Ohio !<\/p>\t\t\t\t\t\t\t\t<\/div>\n\t\t\t\t<\/div>\n\t\t\t\t\t<\/div>\n\t\t<\/div>\n\t\t\t\t<div class=\"elementor-column elementor-col-50 elementor-inner-column elementor-element elementor-element-67786ce\" data-id=\"67786ce\" data-element_type=\"column\" data-e-type=\"column\">\n\t\t\t<div class=\"elementor-widget-wrap elementor-element-populated\">\n\t\t\t\t\t\t<div class=\"elementor-element elementor-element-0a8ce64 elementor-widget elementor-widget-image\" data-id=\"0a8ce64\" data-element_type=\"widget\" data-e-type=\"widget\" data-widget_type=\"image.default\">\n\t\t\t\t<div class=\"elementor-widget-container\">\n\t\t\t\t\t\t\t\t\t\t\t\t<figure class=\"wp-caption\">\n\t\t\t\t\t\t\t\t\t\t<img fetchpriority=\"high\" decoding=\"async\" width=\"800\" height=\"799\" src=\"https:\/\/static.laboxfromage.fr\/wp-content\/uploads\/2020\/03\/02174303\/camembert-originel.jpeg\" class=\"attachment-large size-large wp-image-37795\" alt=\"Camembert originel\" srcset=\"https:\/\/static.laboxfromage.fr\/wp-content\/uploads\/2020\/03\/02174303\/camembert-originel.jpeg 848w, https:\/\/static.laboxfromage.fr\/wp-content\/uploads\/2020\/03\/02174303\/camembert-originel-300x300.jpeg 300w, https:\/\/static.laboxfromage.fr\/wp-content\/uploads\/2020\/03\/02174303\/camembert-originel-150x150.jpeg 150w, https:\/\/static.laboxfromage.fr\/wp-content\/uploads\/2020\/03\/02174303\/camembert-originel-768x767.jpeg 768w\" sizes=\"(max-width: 800px) 100vw, 800px\" \/>\t\t\t\t\t\t\t\t\t\t\t<figcaption class=\"widget-image-caption wp-caption-text\">Jeune, le camembert pr\u00e9sente une cro\u00fbte d'un blanc immacul\u00e9.<\/figcaption>\n\t\t\t\t\t\t\t\t\t\t<\/figure>\n\t\t\t\t\t\t\t\t\t<\/div>\n\t\t\t\t<\/div>\n\t\t\t\t<div class=\"elementor-element elementor-element-63c9fb5 elementor-widget elementor-widget-image\" data-id=\"63c9fb5\" data-element_type=\"widget\" data-e-type=\"widget\" data-widget_type=\"image.default\">\n\t\t\t\t<div class=\"elementor-widget-container\">\n\t\t\t\t\t\t\t\t\t\t\t\t<figure class=\"wp-caption\">\n\t\t\t\t\t\t\t\t\t\t<img decoding=\"async\" width=\"800\" height=\"800\" src=\"https:\/\/static.laboxfromage.fr\/wp-content\/uploads\/2020\/02\/17151258\/marie-harel-cam-vieux-2-e1651506136426-1024x1024.jpg\" class=\"attachment-large size-large wp-image-13936\" alt=\"Histoire du Camembert\" srcset=\"https:\/\/static.laboxfromage.fr\/wp-content\/uploads\/2020\/02\/17151258\/marie-harel-cam-vieux-2-e1651506136426-1024x1024.jpg 1024w, https:\/\/static.laboxfromage.fr\/wp-content\/uploads\/2020\/02\/17151258\/marie-harel-cam-vieux-2-e1651506136426-300x300.jpg 300w, https:\/\/static.laboxfromage.fr\/wp-content\/uploads\/2020\/02\/17151258\/marie-harel-cam-vieux-2-e1651506136426-150x150.jpg 150w, https:\/\/static.laboxfromage.fr\/wp-content\/uploads\/2020\/02\/17151258\/marie-harel-cam-vieux-2-e1651506136426-768x768.jpg 768w, https:\/\/static.laboxfromage.fr\/wp-content\/uploads\/2020\/02\/17151258\/marie-harel-cam-vieux-2-e1651506136426.jpg 1536w\" sizes=\"(max-width: 800px) 100vw, 800px\" \/>\t\t\t\t\t\t\t\t\t\t\t<figcaption class=\"widget-image-caption wp-caption-text\">Plus il s\u2019affine et plus elle se pare de nuances couleur rouille.<\/figcaption>\n\t\t\t\t\t\t\t\t\t\t<\/figure>\n\t\t\t\t\t\t\t\t\t<\/div>\n\t\t\t\t<\/div>\n\t\t\t\t\t<\/div>\n\t\t<\/div>\n\t\t\t\t\t<\/div>\n\t\t<\/section>\n\t\t\t\t<div class=\"elementor-element elementor-element-ed42a69 elementor-widget elementor-widget-heading\" data-id=\"ed42a69\" data-element_type=\"widget\" data-e-type=\"widget\" data-widget_type=\"heading.default\">\n\t\t\t\t<div class=\"elementor-widget-container\">\n\t\t\t\t\t<h2 class=\"elementor-heading-title elementor-size-default\">Variations et recettes<\/h2>\t\t\t\t<\/div>\n\t\t\t\t<\/div>\n\t\t\t\t<div class=\"elementor-element elementor-element-671d460 elementor-widget elementor-widget-text-editor\" data-id=\"671d460\" data-element_type=\"widget\" data-e-type=\"widget\" data-widget_type=\"text-editor.default\">\n\t\t\t\t<div class=\"elementor-widget-container\">\n\t\t\t\t\t\t\t\t\t<p>Envie d&rsquo;audace ? Il existe une variante du Camembert originel particuli\u00e8rement gourmande, et 100% terroir. <strong>Le Camembert au Calvados<\/strong> qui rend merveilleusement hommage \u00e0 sa Normandie natale. Le Calvados, cette eau-de-vie de pomme particuli\u00e8rement parfum\u00e9e, se marie \u00e0 merveille avec le go\u00fbt franc du camembert. Le tout est enrob\u00e9 d&rsquo;une fine chapelure.<\/p>\t\t\t\t\t\t\t\t<\/div>\n\t\t\t\t<\/div>\n\t\t\t\t<div class=\"elementor-element elementor-element-2e23ad58 elementor-widget elementor-widget-gallery\" data-id=\"2e23ad58\" data-element_type=\"widget\" data-e-type=\"widget\" data-settings=\"{&quot;columns&quot;:3,&quot;columns_tablet&quot;:3,&quot;aspect_ratio&quot;:&quot;1:1&quot;,&quot;lazyload&quot;:&quot;yes&quot;,&quot;gallery_layout&quot;:&quot;grid&quot;,&quot;columns_mobile&quot;:1,&quot;gap&quot;:{&quot;unit&quot;:&quot;px&quot;,&quot;size&quot;:10,&quot;sizes&quot;:[]},&quot;gap_tablet_extra&quot;:{&quot;unit&quot;:&quot;px&quot;,&quot;size&quot;:10,&quot;sizes&quot;:[]},&quot;gap_tablet&quot;:{&quot;unit&quot;:&quot;px&quot;,&quot;size&quot;:10,&quot;sizes&quot;:[]},&quot;gap_mobile&quot;:{&quot;unit&quot;:&quot;px&quot;,&quot;size&quot;:10,&quot;sizes&quot;:[]},&quot;overlay_background&quot;:&quot;yes&quot;,&quot;content_hover_animation&quot;:&quot;fade-in&quot;}\" data-widget_type=\"gallery.default\">\n\t\t\t\t<div class=\"elementor-widget-container\">\n\t\t\t\t\t\t\t<div class=\"elementor-gallery__container\">\n\t\t\t\t\t\t\t<div class=\"e-gallery-item elementor-gallery-item elementor-animated-content\">\n\t\t\t\t\t<div class=\"e-gallery-image elementor-gallery-item__image\" data-thumbnail=\"https:\/\/static.laboxfromage.fr\/wp-content\/uploads\/2020\/02\/17173937\/marie-harel-calva-11.jpg\" data-width=\"800\" data-height=\"800\" aria-label=\"\" role=\"img\" ><\/div>\n\t\t\t\t\t\t\t\t\t\t\t<div class=\"elementor-gallery-item__overlay\"><\/div>\n\t\t\t\t\t\t\t\t\t\t\t\t\t\t<\/div>\n\t\t\t\t\t\t\t<div class=\"e-gallery-item elementor-gallery-item elementor-animated-content\">\n\t\t\t\t\t<div class=\"e-gallery-image elementor-gallery-item__image\" data-thumbnail=\"https:\/\/static.laboxfromage.fr\/wp-content\/uploads\/2020\/02\/17173912\/marie-harel-camembert-frit-1-1024x1024.jpg\" data-width=\"800\" data-height=\"800\" aria-label=\"Camembert frit\" role=\"img\" ><\/div>\n\t\t\t\t\t\t\t\t\t\t\t<div class=\"elementor-gallery-item__overlay\"><\/div>\n\t\t\t\t\t\t\t\t\t\t\t\t\t\t<\/div>\n\t\t\t\t\t\t\t<div class=\"e-gallery-item elementor-gallery-item elementor-animated-content\">\n\t\t\t\t\t<div class=\"e-gallery-image elementor-gallery-item__image\" data-thumbnail=\"https:\/\/static.laboxfromage.fr\/wp-content\/uploads\/2020\/02\/17173403\/camembert-au-four-825x1024.jpg\" data-width=\"800\" data-height=\"993\" aria-label=\"Camembert au four\" role=\"img\" ><\/div>\n\t\t\t\t\t\t\t\t\t\t\t<div class=\"elementor-gallery-item__overlay\"><\/div>\n\t\t\t\t\t\t\t\t\t\t\t\t\t\t<\/div>\n\t\t\t\t\t<\/div>\n\t\t\t\t\t<\/div>\n\t\t\t\t<\/div>\n\t\t\t\t<div class=\"elementor-element elementor-element-dde67af elementor-widget elementor-widget-text-editor\" data-id=\"dde67af\" data-element_type=\"widget\" data-e-type=\"widget\" data-widget_type=\"text-editor.default\">\n\t\t\t\t<div class=\"elementor-widget-container\">\n\t\t\t\t\t\t\t\t\t<figure class=\"wp-block-gallery aligncenter has-nested-images columns-default is-cropped\">\n<figcaption class=\"blocks-gallery-caption\">Multiple, le camembert se d\u00e9cline en de nombreuses recettes.<\/figcaption>\n<\/figure>\t\t\t\t\t\t\t\t<\/div>\n\t\t\t\t<\/div>\n\t\t\t\t<div class=\"elementor-element elementor-element-474039c elementor-widget elementor-widget-text-editor\" data-id=\"474039c\" data-element_type=\"widget\" data-e-type=\"widget\" data-widget_type=\"text-editor.default\">\n\t\t\t\t<div class=\"elementor-widget-container\">\n\t\t\t\t\t\t\t\t\t<p>Envie de <strong>cuisiner le camembert<\/strong> ? Cela tombe bien, il est aussi bon froid que chaud ! Vous pouvez <strong>l&rsquo;enrober de jaune d&rsquo;oeuf et chapelure pour le faire frire<\/strong> ou le chauffer au four accompagn\u00e9 d&rsquo;une branche de romarin, en v\u00e9ritable <strong>camembert r\u00f4ti <\/strong>! Ou bien, d\u00e9couper de petites portions que vous emballerez d\u2019une feuille de brick avant de les cuire au four. A tremper dans une sauce avec des pignons de pin et du miel, pour un irr\u00e9sistible effet sucr\u00e9-sal\u00e9 !<\/p>\t\t\t\t\t\t\t\t<\/div>\n\t\t\t\t<\/div>\n\t\t\t\t<div class=\"elementor-element elementor-element-bedd968 elementor-cta--layout-image-left elementor-cta--mobile-layout-image-above elementor-cta--valign-middle elementor-cta--skin-classic elementor-animated-content elementor-bg-transform elementor-bg-transform-zoom-in elementor-widget elementor-widget-call-to-action\" data-id=\"bedd968\" data-element_type=\"widget\" data-e-type=\"widget\" data-widget_type=\"call-to-action.default\">\n\t\t\t\t<div class=\"elementor-widget-container\">\n\t\t\t\t\t\t\t<a class=\"elementor-cta\" href=\"https:\/\/laboxfroma.ge\/3vwMc6a\" target=\"_blank\">\n\t\t\t\t\t<div class=\"elementor-cta__bg-wrapper\">\n\t\t\t\t<div class=\"elementor-cta__bg elementor-bg\" style=\"background-image: url(https:\/\/static.laboxfromage.fr\/wp-content\/uploads\/2022\/04\/25140707\/camembert-box.jpg);\" role=\"img\" aria-label=\"Camembert box\"><\/div>\n\t\t\t\t<div class=\"elementor-cta__bg-overlay\"><\/div>\n\t\t\t<\/div>\n\t\t\t\t\t\t\t<div class=\"elementor-cta__content\">\n\t\t\t\t\n\t\t\t\t\t\t\t\t\t<h4 class=\"elementor-cta__title elementor-cta__content-item elementor-content-item\">\n\t\t\t\t\t\tLa Box Fromage\t\t\t\t\t<\/h4>\n\t\t\t\t\n\t\t\t\t\t\t\t\t\t<div class=\"elementor-cta__description elementor-cta__content-item elementor-content-item\">\n\t\t\t\t\t\tUn assortiment de fromages artisanaux s\u00e9lectionn\u00e9s par un Meilleur Ouvrier de France, livr\u00e9 directement chez vous.<br><br>\n<strong>Abonnement de 1, 3, 6 ou 12 mois  \ud83e\uddc0<\/strong>\t\t\t\t\t<\/div>\n\t\t\t\t\n\t\t\t\t\t\t\t\t\t<div class=\"elementor-cta__button-wrapper elementor-cta__content-item elementor-content-item \">\n\t\t\t\t\t<span class=\"elementor-cta__button elementor-button elementor-size-lg\">\n\t\t\t\t\t\tJe commande\t\t\t\t\t<\/span>\n\t\t\t\t\t<\/div>\n\t\t\t\t\t\t\t<\/div>\n\t\t\t\t\t\t\t<div class=\"elementor-ribbon elementor-ribbon-right\">\n\t\t\t\t<div class=\"elementor-ribbon-inner\">\n\t\t\t\t\tD\u00e8s 19,95\u20ac\t\t\t\t<\/div>\n\t\t\t<\/div>\n\t\t\t\t<\/a>\n\t\t\t\t\t\t<\/div>\n\t\t\t\t<\/div>\n\t\t\t\t\t<\/div>\n\t\t<\/div>\n\t\t\t\t\t<\/div>\n\t\t<\/section>\n\t\t\t\t<\/div>\n\t\t","protected":false},"excerpt":{"rendered":"<p>\u00ab Claquos \u00bb, \u00ab calendos \u00bb ou encore \u00ab camembos \u00bb&#8230; \u00e0 chacun son tendre surnom. Peu importe comment vous le d\u00e9signez, le Camembert est bel et bien LE fromage pr\u00e9f\u00e9r\u00e9 des Fran\u00e7ais et le plus consomm\u00e9 de tout l&rsquo;Hexagone. Et c&rsquo;est \u00e0 une femme, Marie Harel, que nous devons ce fleuron de la gastronomie [&hellip;]<\/p>\n","protected":false},"author":20,"featured_media":13900,"comment_status":"open","ping_status":"closed","sticky":false,"template":"","format":"standard","meta":{"_acf_changed":false,"_seopress_robots_primary_cat":"none","_seopress_titles_title":"Marie Harel et l&#039;origine du Camembert : toute une histoire !","_seopress_titles_desc":"D\u00e9couvrez l&#039;\u00e9tonnante histoire de Marie Harel, celle qui est \u00e0 l&#039;origine du Camembert, fromage pr\u00e9f\u00e9r\u00e9 des Fran\u00e7ais !","_seopress_robots_index":"","footnotes":""},"categories":[6,3],"tags":[767],"class_list":["post-13897","post","type-post","status-publish","format-standard","has-post-thumbnail","hentry","category-recettes-fromage","category-types-fromage","tag-camembert"],"acf":[],"_links":{"self":[{"href":"https:\/\/laboxfromage.fr\/blog\/wp-json\/wp\/v2\/posts\/13897","targetHints":{"allow":["GET"]}}],"collection":[{"href":"https:\/\/laboxfromage.fr\/blog\/wp-json\/wp\/v2\/posts"}],"about":[{"href":"https:\/\/laboxfromage.fr\/blog\/wp-json\/wp\/v2\/types\/post"}],"author":[{"embeddable":true,"href":"https:\/\/laboxfromage.fr\/blog\/wp-json\/wp\/v2\/users\/20"}],"replies":[{"embeddable":true,"href":"https:\/\/laboxfromage.fr\/blog\/wp-json\/wp\/v2\/comments?post=13897"}],"version-history":[{"count":0,"href":"https:\/\/laboxfromage.fr\/blog\/wp-json\/wp\/v2\/posts\/13897\/revisions"}],"wp:featuredmedia":[{"embeddable":true,"href":"https:\/\/laboxfromage.fr\/blog\/wp-json\/wp\/v2\/media\/13900"}],"wp:attachment":[{"href":"https:\/\/laboxfromage.fr\/blog\/wp-json\/wp\/v2\/media?parent=13897"}],"wp:term":[{"taxonomy":"category","embeddable":true,"href":"https:\/\/laboxfromage.fr\/blog\/wp-json\/wp\/v2\/categories?post=13897"},{"taxonomy":"post_tag","embeddable":true,"href":"https:\/\/laboxfromage.fr\/blog\/wp-json\/wp\/v2\/tags?post=13897"}],"curies":[{"name":"wp","href":"https:\/\/api.w.org\/{rel}","templated":true}]}}