{"id":18726,"date":"2021-03-30T11:23:00","date_gmt":"2021-03-30T09:23:00","guid":{"rendered":"https:\/\/laboxfromage.fr\/blog\/?p=18726"},"modified":"2021-03-30T11:23:00","modified_gmt":"2021-03-30T09:23:00","slug":"bleu-de-laqueuille-meilleur-bleu-d-auvergne","status":"publish","type":"post","link":"https:\/\/laboxfromage.fr\/blog\/bleu-de-laqueuille-meilleur-bleu-d-auvergne\/","title":{"rendered":"Bleu de Laqueuille : focus sur l\u2019un des meilleurs bleus d\u2019Auvergne"},"content":{"rendered":"\n<p>Faites place \u00e0 la s\u00e9lection d\u2019avril ! Ce mois-ci notre fromager pr\u00e9f\u00e9r\u00e9 nous a concoct\u00e9 un assortiment d\u00e9licat qui nous transporte entre force et cr\u00e9meux, <strong>saveurs lact\u00e9es et herbac\u00e9es, textures fermes et fondantes<\/strong>. Le fromage star de ce mois-ci se fait remarquer pour sa <a href=\"https:\/\/laboxfromage.fr\/blog\/fromage-bleu-pate-persillee\/\" data-type=\"post\" data-id=\"14268\">p\u00e2te persill\u00e9e<\/a> d\u2019un fondant exceptionnel et son go\u00fbt bien affirm\u00e9, parfaitement \u00e9quilibr\u00e9. <strong>Consid\u00e9r\u00e9 comme l\u2019un des meilleurs bleus d\u2019Auvergne<\/strong>, le Bleu de Laqueuille m\u00e9rite cent fois le d\u00e9tour gourmand que nous vous proposons aujourd\u2019hui&#8230; Alors c&rsquo;est parti !<\/p>\n\n\n\n<!--more-->\n\n\n\n<h2 class=\"wp-block-heading\">L\u2019Histoire du bleu de Laqueuille<\/h2>\n\n\n\n<p>L\u2019invention du <a href=\"https:\/\/laboxfromage.fr\/blog\/fromage-bleu-pate-persillee\/\" data-type=\"post\" data-id=\"14268\">bleu d\u2019Auvergne<\/a> n\u2019est pas sans rappeler celle du <a href=\"https:\/\/laboxfromage.fr\/blog\/roquefort\/\" data-type=\"post\" data-id=\"13873\">Roquefort<\/a> au temps jadis en Aveyron. Tous deux arborent une tr\u00e8s belle p\u00e2te parsem\u00e9e de bleu et <strong>tous deux auraient pour origine la proximit\u00e9 fortuite d\u2019un morceau de pain de seigle rassis <\/strong>avec un fromage classique. Les micro-organismes contenus dans le pain l\u00e9g\u00e8rement moisi auraient colonis\u00e9 la p\u00e2te immacul\u00e9e du fromage, donnant naissance, quelques jours plus tard, \u00e0 <strong>une p\u00e2te persill\u00e9e extr\u00eamement savoureuse\u2026<\/strong><\/p>\n\n\n\n<figure class=\"wp-block-pullquote has-border-color has-text-color\" style=\"border-color:#d8947b;color:#d8947b\"><blockquote><p>A l&rsquo;instar de la plupart des fromages \u00e0 p\u00e2te persill\u00e9e, le bleu de Laqueuille est ensemenc\u00e9 avec du penicillium roqueforti.<\/p><\/blockquote><\/figure>\n\n\n\n<p>Dans le cas pr\u00e9cis du bleu de Laqueuille, la l\u00e9gende raconte qu\u2019<strong>il serait n\u00e9 il y a plus d\u2019un si\u00e8cle et demi entre les mains d\u2019un agriculteur des environs de Laqueuille<\/strong> (Puy de D\u00f4me) nomm\u00e9 Antoine Roussel. On dit que <strong>c\u2019est lui qui comprit l\u2019interaction entre <a href=\"https:\/\/www.mnhn.fr\/fr\/collections\/ensembles-collections\/ressources-biologiques-cellules-vivantes-cryoconservees\/souches-fongiques\/penicillium-roqueforti\" target=\"_blank\" rel=\"noreferrer noopener\">les champignons qui se d\u00e9veloppaient sur son morceau de pain de seigle<\/a> et la jolie fleur qui se formait au c\u0153ur de son fromage de vache<\/strong>, tous deux alors stock\u00e9s au m\u00eame endroit !<\/p>\n\n\n\n<p>Il d\u00e9cida alors de provoquer volontairement cette association miraculeuse. Pour cela, il ensemen\u00e7a manuellement le lait ou le caill\u00e9 avec cette culture naturelle recueillie sur le pain. Apr\u00e8s plusieurs ann\u00e9es d\u2019exp\u00e9rimentation &#8211; notamment sur l\u2019importance de bien a\u00e9rer le fromage pour que le persillage soit le plus beau et le meilleur possible &#8211; <strong>Antoine Roussel \u00e9tait pr\u00eat en 1854 \u00e0 commercialiser le tout premier bleu de Laqueuille !<\/strong> C&rsquo;est le d\u00e9but d&rsquo;une tradition fromag\u00e8re locale riche de recettes \u00e0 p\u00e2tes persill\u00e9es. La <a href=\"https:\/\/laboxfromage.fr\/blog\/fourme-dambert-aop\/\" data-type=\"post\" data-id=\"17066\">fourme d&rsquo;Ambert<\/a> en est un exemple parmi tant d&rsquo;autres.<\/p>\n\n\n\n<div style=\"height:2px\" aria-hidden=\"true\" class=\"wp-block-spacer\"><\/div>\n\n\n\n<h2 class=\"wp-block-heading\">Le Bleu de Laqueuille aujourd\u2019hui<\/h2>\n\n\n\n<p>C\u2019est la <strong>Soci\u00e9t\u00e9 Laiti\u00e8re de Laqueuille<\/strong> qui produit exclusivement cet excellent bleu, encore aujourd&rsquo;hui sur la commune de Laqueuille. Ce fromage, \u00e9galement surnomm\u00e9 <strong>\u201cbleu de la M\u00e9m\u00e9e\u201d<\/strong> par les Auvergnats, est \u00e9labor\u00e9 \u00e0 partir de lait de montagne et sal\u00e9 manuellement. Il b\u00e9n\u00e9ficie d\u2019<strong>un affinage lent ! Ce dernier dure entre 50 et 90 jours<\/strong> pour contenter tous les palais.&nbsp;En effet, que vous aimiez les bleus plut\u00f4t doux ou plut\u00f4t cors\u00e9s, le bleu de Laqueuille est un fromage d\u00e9licieux \u00e0 tous ses stades d&rsquo;affinage.<\/p>\n\n\n\n<figure class=\"wp-block-gallery has-nested-images columns-default is-cropped wp-block-gallery-1 is-layout-flex wp-block-gallery-is-layout-flex\">\n<figure class=\"wp-block-image size-large\"><img fetchpriority=\"high\" decoding=\"async\" width=\"997\" height=\"748\" data-id=\"18729\" src=\"https:\/\/static.laboxfromage.fr\/wp-content\/uploads\/2021\/03\/23122630\/plateau-de-laqueuille-bleu-de-laqueuille.jpeg\" alt=\"bleu-de-laqueuille\" class=\"wp-image-18729\" srcset=\"https:\/\/static.laboxfromage.fr\/wp-content\/uploads\/2021\/03\/23122630\/plateau-de-laqueuille-bleu-de-laqueuille.jpeg 997w, https:\/\/static.laboxfromage.fr\/wp-content\/uploads\/2021\/03\/23122630\/plateau-de-laqueuille-bleu-de-laqueuille-300x225.jpeg 300w, https:\/\/static.laboxfromage.fr\/wp-content\/uploads\/2021\/03\/23122630\/plateau-de-laqueuille-bleu-de-laqueuille-768x576.jpeg 768w\" sizes=\"(max-width: 997px) 100vw, 997px\" \/><\/figure>\n\n\n\n<figure class=\"wp-block-image size-large\"><img decoding=\"async\" width=\"1024\" height=\"681\" data-id=\"18730\" src=\"https:\/\/static.laboxfromage.fr\/wp-content\/uploads\/2021\/03\/23122629\/LBF-avril21_Bleu-Laqueuille-1024x681.jpg\" alt=\"bleu-de-laqueuille\" class=\"wp-image-18730\" srcset=\"https:\/\/static.laboxfromage.fr\/wp-content\/uploads\/2021\/03\/23122629\/LBF-avril21_Bleu-Laqueuille-1024x681.jpg 1024w, https:\/\/static.laboxfromage.fr\/wp-content\/uploads\/2021\/03\/23122629\/LBF-avril21_Bleu-Laqueuille-300x199.jpg 300w, https:\/\/static.laboxfromage.fr\/wp-content\/uploads\/2021\/03\/23122629\/LBF-avril21_Bleu-Laqueuille-768x510.jpg 768w, https:\/\/static.laboxfromage.fr\/wp-content\/uploads\/2021\/03\/23122629\/LBF-avril21_Bleu-Laqueuille-1536x1021.jpg 1536w, https:\/\/static.laboxfromage.fr\/wp-content\/uploads\/2021\/03\/23122629\/LBF-avril21_Bleu-Laqueuille.jpg 2048w\" sizes=\"(max-width: 1024px) 100vw, 1024px\" \/><\/figure>\n<figcaption class=\"blocks-gallery-caption\">Le plateau de Laqueuille \/ La superbe p\u00e2te blanc cr\u00e8me persill\u00e9e du bleu de Laqueuille.<\/figcaption><\/figure>\n\n\n\n<div style=\"height:12px\" aria-hidden=\"true\" class=\"wp-block-spacer\"><\/div>\n\n\n\n<p>Au nez, ce bleu de caract\u00e8re exprime des parfums de cave, et, d\u00e9j\u00e0, <strong>une belle odeur de bleu<\/strong>. La d\u00e9gustation se poursuit sur <strong>une p\u00e2te au grain particuli\u00e8rement fin et onctueux r\u00e9guli\u00e8rement parsem\u00e9 de veines et ouvertures bleu vert<\/strong>. Ce bleu a pour particularit\u00e9 de s&rsquo;offrir \u00e0 nous \u00e0 diff\u00e9rents stades de maturation :<\/p>\n\n\n\n<ul class=\"wp-block-list\"><li>Les versions les moins affin\u00e9es pr\u00e9sentent une porte d\u2019entr\u00e9e int\u00e9ressante pour ceux qui souhaitent s\u2019initier \u00e0 ce type de fromages. <\/li><li>Lorsqu\u2019il atteint 3 mois d\u2019affinage, il devient un d\u00e9lice autrement plus puissant sans rien renier de son raffinement l\u00e9gendaire.<\/li><\/ul>\n\n\n\n<figure class=\"wp-block-pullquote has-border-color has-text-color\" style=\"border-color:#d8947b;color:#d8947b\"><blockquote><p>Servez votre bleu de Laqueuille avec un verre de Banyuls, de Gaillac doux ou de Juran\u00e7on.<\/p><\/blockquote><\/figure>\n\n\n\n<div style=\"height:20px\" aria-hidden=\"true\" class=\"wp-block-spacer\"><\/div>\n\n\n\n<h2 class=\"wp-block-heading\">Les autres fromages de la box d\u2019Avril<\/h2>\n\n\n\n<p>Point de Box Fromage digne de ce nom sans les 3 autres petits tr\u00e9sors qui viennent avec ce bleu ! Pour cette \u00e9dition d\u2019avril 2021, nos heureux abonn\u00e9s ont eu la chance tout d\u2019abord de croquer dans <strong>un Goudoulet<\/strong>, un fromage au lait de vache de Haute-Ard\u00e8che qui offre sous sa cro\u00fbte morg\u00e9e <strong>une p\u00e2te souple et onctueuse et un go\u00fbt franc et typ\u00e9<\/strong>. Un fromage \u00e9quilibr\u00e9 et gourmand qui met en g\u00e9n\u00e9ral tout le monde d\u2019accord !<\/p>\n\n\n\n<figure class=\"wp-block-gallery has-nested-images columns-default is-cropped wp-block-gallery-2 is-layout-flex wp-block-gallery-is-layout-flex\">\n<figure class=\"wp-block-image size-large\"><img decoding=\"async\" width=\"1000\" height=\"1000\" data-id=\"18731\" src=\"https:\/\/static.laboxfromage.fr\/wp-content\/uploads\/2021\/03\/23122629\/bleu-de-laqueuille-_goudoulet.jpg\" alt=\"bleu de laqueuille\" class=\"wp-image-18731\" srcset=\"https:\/\/static.laboxfromage.fr\/wp-content\/uploads\/2021\/03\/23122629\/bleu-de-laqueuille-_goudoulet.jpg 1000w, https:\/\/static.laboxfromage.fr\/wp-content\/uploads\/2021\/03\/23122629\/bleu-de-laqueuille-_goudoulet-300x300.jpg 300w, https:\/\/static.laboxfromage.fr\/wp-content\/uploads\/2021\/03\/23122629\/bleu-de-laqueuille-_goudoulet-150x150.jpg 150w, https:\/\/static.laboxfromage.fr\/wp-content\/uploads\/2021\/03\/23122629\/bleu-de-laqueuille-_goudoulet-768x768.jpg 768w\" sizes=\"(max-width: 1000px) 100vw, 1000px\" \/><\/figure>\n\n\n\n<figure class=\"wp-block-image size-large\"><img loading=\"lazy\" decoding=\"async\" width=\"1000\" height=\"1000\" data-id=\"18732\" src=\"https:\/\/static.laboxfromage.fr\/wp-content\/uploads\/2021\/03\/23122628\/bleu-de-laqueuille-_affine-brebis.jpg\" alt=\"bleu de laqueuille\" class=\"wp-image-18732\" srcset=\"https:\/\/static.laboxfromage.fr\/wp-content\/uploads\/2021\/03\/23122628\/bleu-de-laqueuille-_affine-brebis.jpg 1000w, https:\/\/static.laboxfromage.fr\/wp-content\/uploads\/2021\/03\/23122628\/bleu-de-laqueuille-_affine-brebis-300x300.jpg 300w, https:\/\/static.laboxfromage.fr\/wp-content\/uploads\/2021\/03\/23122628\/bleu-de-laqueuille-_affine-brebis-150x150.jpg 150w, https:\/\/static.laboxfromage.fr\/wp-content\/uploads\/2021\/03\/23122628\/bleu-de-laqueuille-_affine-brebis-768x768.jpg 768w\" sizes=\"(max-width: 1000px) 100vw, 1000px\" \/><\/figure>\n\n\n\n<figure class=\"wp-block-image size-large\"><img loading=\"lazy\" decoding=\"async\" width=\"1000\" height=\"1000\" data-id=\"18733\" src=\"https:\/\/static.laboxfromage.fr\/wp-content\/uploads\/2021\/03\/23122628\/bleu-de-laqueuille-tomme.jpg\" alt=\"bleu de laqueuille\" class=\"wp-image-18733\" srcset=\"https:\/\/static.laboxfromage.fr\/wp-content\/uploads\/2021\/03\/23122628\/bleu-de-laqueuille-tomme.jpg 1000w, https:\/\/static.laboxfromage.fr\/wp-content\/uploads\/2021\/03\/23122628\/bleu-de-laqueuille-tomme-300x300.jpg 300w, https:\/\/static.laboxfromage.fr\/wp-content\/uploads\/2021\/03\/23122628\/bleu-de-laqueuille-tomme-150x150.jpg 150w, https:\/\/static.laboxfromage.fr\/wp-content\/uploads\/2021\/03\/23122628\/bleu-de-laqueuille-tomme-768x768.jpg 768w\" sizes=\"(max-width: 1000px) 100vw, 1000px\" \/><\/figure>\n<figcaption class=\"blocks-gallery-caption\">Goudoulet, affin\u00e9 de brebis et tomme de Tarentaise compl\u00e8tent ce d\u00e9licieux tableau.<\/figcaption><\/figure>\n\n\n\n<div style=\"height:14px\" aria-hidden=\"true\" class=\"wp-block-spacer\"><\/div>\n\n\n\n<p>Vient ensuite <strong>un affin\u00e9 de brebis d\u2019apparence doux comme un agneau<\/strong>\u2026 Mais ne vous y trompez pas, il se corse au fil de sa maturation ! Produit en Haute-Loire sur les fertiles terres volcaniques environnantes, il est \u00e9labor\u00e9 dans une laiterie-fromagerie familiale \u00e0 plus de 1000 m\u00e8tres d\u2019altitude. Enfin, cette s\u00e9lection se cl\u00f4t sur <strong>une magnifique tomme de Tarentaise<\/strong>. Ce fromage d\u2019<a href=\"https:\/\/www.echoalp.com\/presentation-des-alpages.html\" target=\"_blank\" rel=\"noreferrer noopener\">alpages<\/a>, relativement m\u00e9connu compar\u00e9 \u00e0 la plupart des fromages de Savoie, est pourtant un v\u00e9ritable <strong>d\u00e9lice empreint d&rsquo;ar\u00f4mes authentiques de lait frais et d\u2019herbages parfum\u00e9s<\/strong>.<\/p>\n\n\n\n<div class=\"wp-block-buttons is-horizontal is-content-justification-center is-layout-flex wp-container-core-buttons-is-layout-03627597 wp-block-buttons-is-layout-flex\">\n<div class=\"wp-block-button\"><a class=\"wp-block-button__link has-background\" href=\"https:\/\/bit.ly\/3h97aAG\" style=\"background-color:#96b8d9\" target=\"_blank\" rel=\"noreferrer noopener\">J&rsquo;ABONNE UN PROCHE \u00c0 LA BOX FROMAGE<\/a><\/div>\n<\/div>\n\n\n\n<hr class=\"wp-block-separator is-style-wide\"\/>\n\n\n\n<h4 class=\"wp-block-heading\">Pour aller plus loin\u2026<\/h4>\n\n\n\n<p>D\u00e9couvrez l\u2019historique de nos box de fromages :<\/p>\n\n\n\n<p><\/p>\n\n\n\n<ul class=\"wp-block-list\"><li><a rel=\"noreferrer noopener\" style=\"font-family: -apple-system, BlinkMacSystemFont, &quot;Segoe UI&quot;, Roboto, Oxygen-Sans, Ubuntu, Cantarell, &quot;Helvetica Neue&quot;, sans-serif;\" href=\"https:\/\/laboxfromage.fr\/blog\/tomme-ail-des-ours\/\" target=\"_blank\">Janvier 2020 : focus sur la Tomme \u00e0 l\u2019ail des Ours<\/a><\/li><li><a rel=\"noreferrer noopener\" href=\"https:\/\/laboxfromage.fr\/blog\/tomme-ail-des-ours\/\" target=\"_blank\"><\/a><a rel=\"noreferrer noopener\" href=\"https:\/\/laboxfromage.fr\/blog\/morbier-aop-fromage-cendre-du-jura\/\" target=\"_blank\">F\u00e9vrier 2020 : focus sur le Morbier<\/a><\/li><li><a rel=\"noreferrer noopener\" href=\"https:\/\/laboxfromage.fr\/blog\/tomme-ail-des-ours\/\" target=\"_blank\"><\/a><a rel=\"noreferrer noopener\" href=\"https:\/\/laboxfromage.fr\/blog\/ossau-iraty\/\" target=\"_blank\">Mars 2020 : focus sur l\u2019Ossau-Iraty<\/a><\/li><li><a rel=\"noreferrer noopener\" href=\"https:\/\/laboxfromage.fr\/blog\/tomme-ail-des-ours\/\" target=\"_blank\"><\/a><a rel=\"noreferrer noopener\" href=\"https:\/\/laboxfromage.fr\/blog\/saint-marcellin-igp\/\" target=\"_blank\">Septembre 2020 : focus sur le Saint-Marcellin<\/a><\/li><li><a rel=\"noreferrer noopener\" href=\"https:\/\/laboxfromage.fr\/blog\/tomme-ail-des-ours\/\" target=\"_blank\"><\/a><a rel=\"noreferrer noopener\" href=\"https:\/\/laboxfromage.fr\/blog\/chevre-cendre\/\" target=\"_blank\">Janvier 2021 : focus sur le ch\u00e8vre cendr\u00e9<\/a><\/li><li><a rel=\"noreferrer noopener\" href=\"https:\/\/laboxfromage.fr\/blog\/tomme-ail-des-ours\/\" target=\"_blank\"><\/a><a rel=\"noreferrer noopener\" href=\"https:\/\/laboxfromage.fr\/blog\/fourme-dambert-aop\/\" target=\"_blank\">F\u00e9vrier 2021 : focus sur la Fourme d\u2019Ambert<\/a><\/li><li><a rel=\"noreferrer noopener\" href=\"https:\/\/laboxfromage.fr\/blog\/tomme-ail-des-ours\/\" target=\"_blank\"><\/a><a rel=\"noreferrer noopener\" href=\"https:\/\/laboxfromage.fr\/blog\/le-cantal-a-lhonneur-dans-la-box-fromage-de-mars-2021\/\" target=\"_blank\">Mars 2021 : focus sur le Cantal<\/a><\/li><li><a rel=\"noreferrer noopener\" style=\"font-family: -apple-system, BlinkMacSystemFont, &quot;Segoe UI&quot;, Roboto, Oxygen-Sans, Ubuntu, Cantarell, &quot;Helvetica Neue&quot;, sans-serif;\" href=\"https:\/\/laboxfromage.fr\/blog\/tomme-fromage-de-montagne\/\" target=\"_blank\">Mai 2021 : focus sur la tomme de montagne<\/a><\/li><li><a rel=\"noreferrer noopener\" href=\"https:\/\/laboxfromage.fr\/blog\/tomme-ail-des-ours\/\" target=\"_blank\"><\/a><a rel=\"noreferrer noopener\" href=\"https:\/\/laboxfromage.fr\/blog\/voyagez-en-espagne-avec-le-queso-manchego\/\" target=\"_blank\">Juin 2021 : focus sur le Queso manchego<\/a><\/li><li><a rel=\"noreferrer noopener\" href=\"https:\/\/laboxfromage.fr\/blog\/tomme-ail-des-ours\/\" target=\"_blank\"><\/a><a rel=\"noreferrer noopener\" href=\"https:\/\/laboxfromage.fr\/blog\/picodon\/\" target=\"_blank\">Septembre 2021 : focus sur le Picodon<\/a><\/li><li><a rel=\"noreferrer noopener\" href=\"https:\/\/laboxfromage.fr\/blog\/tomme-ail-des-ours\/\" target=\"_blank\"><\/a><a rel=\"noreferrer noopener\" href=\"https:\/\/laboxfromage.fr\/blog\/livarot-fromage\/\" target=\"_blank\">Octobre 2021 : focus sur le Livarot<\/a><\/li><li><a rel=\"noreferrer noopener\" href=\"https:\/\/laboxfromage.fr\/blog\/tomme-ail-des-ours\/\" target=\"_blank\"><\/a><a rel=\"noreferrer noopener\" href=\"https:\/\/laboxfromage.fr\/blog\/munster-fromage\/\" target=\"_blank\">Novembre 2021 : focus sur le Munster<\/a><\/li><li><a rel=\"noreferrer noopener\" href=\"https:\/\/laboxfromage.fr\/blog\/tomme-ail-des-ours\/\" target=\"_blank\"><\/a><a rel=\"noreferrer noopener\" href=\"https:\/\/laboxfromage.fr\/blog\/tomme-aux-fleurs\/\" target=\"_blank\">D\u00e9cembre 2021 : focus sur la tomme aux fleurs<\/a><\/li><li><a rel=\"noreferrer noopener\" href=\"https:\/\/laboxfromage.fr\/blog\/fromage-maroilles-aoc\/\" target=\"_blank\">Janvier 2022 : focus sur le Maroilles<\/a><\/li><li><a rel=\"noreferrer noopener\" href=\"https:\/\/laboxfromage.fr\/blog\/vacherin-fromage\/\" target=\"_blank\">F\u00e9vrier 2022 : focus sur le Vacherin<\/a><\/li><li><a rel=\"noreferrer noopener\" href=\"https:\/\/laboxfromage.fr\/blog\/fromage-langres-aop\/\" target=\"_blank\">Mars 2022 : focus sur le Langres<\/a><\/li><li><a rel=\"noreferrer noopener\" href=\"https:\/\/laboxfromage.fr\/blog\/bleu-du-vercors-sassenage\/\" target=\"_blank\">Avril 2022 : focus sur le Bleu du Vercors-Sassenage<\/a><\/li><\/ul>\n","protected":false},"excerpt":{"rendered":"<p>Faites place \u00e0 la s\u00e9lection d\u2019avril ! Ce mois-ci notre fromager pr\u00e9f\u00e9r\u00e9 nous a concoct\u00e9 un assortiment d\u00e9licat qui nous transporte entre force et cr\u00e9meux, saveurs lact\u00e9es et herbac\u00e9es, textures fermes et fondantes. Le fromage star de ce mois-ci se fait remarquer pour sa p\u00e2te persill\u00e9e d\u2019un fondant exceptionnel et son go\u00fbt bien affirm\u00e9, parfaitement [&hellip;]<\/p>\n","protected":false},"author":20,"featured_media":18736,"comment_status":"open","ping_status":"closed","sticky":false,"template":"","format":"standard","meta":{"_acf_changed":false,"_seopress_robots_primary_cat":"none","_seopress_titles_title":"Bleu de Laqueuille : un des meilleurs bleus d\u2019Auvergne","_seopress_titles_desc":"Consid\u00e9r\u00e9 comme l\u2019un des meilleurs bleus d\u2019Auvergne, le Bleu de Laqueuille m\u00e9rite que l&#039;on s&#039;attarde sur son go\u00fbt et l&#039;histoire de sa cr\u00e9ation !","_seopress_robots_index":"","footnotes":""},"categories":[713,3],"tags":[840,808,841],"class_list":["post-18726","post","type-post","status-publish","format-standard","has-post-thumbnail","hentry","category-fromage-a-domicile","category-types-fromage","tag-bleu","tag-fromage","tag-laqueuille"],"acf":[],"_links":{"self":[{"href":"https:\/\/laboxfromage.fr\/blog\/wp-json\/wp\/v2\/posts\/18726","targetHints":{"allow":["GET"]}}],"collection":[{"href":"https:\/\/laboxfromage.fr\/blog\/wp-json\/wp\/v2\/posts"}],"about":[{"href":"https:\/\/laboxfromage.fr\/blog\/wp-json\/wp\/v2\/types\/post"}],"author":[{"embeddable":true,"href":"https:\/\/laboxfromage.fr\/blog\/wp-json\/wp\/v2\/users\/20"}],"replies":[{"embeddable":true,"href":"https:\/\/laboxfromage.fr\/blog\/wp-json\/wp\/v2\/comments?post=18726"}],"version-history":[{"count":0,"href":"https:\/\/laboxfromage.fr\/blog\/wp-json\/wp\/v2\/posts\/18726\/revisions"}],"wp:featuredmedia":[{"embeddable":true,"href":"https:\/\/laboxfromage.fr\/blog\/wp-json\/wp\/v2\/media\/18736"}],"wp:attachment":[{"href":"https:\/\/laboxfromage.fr\/blog\/wp-json\/wp\/v2\/media?parent=18726"}],"wp:term":[{"taxonomy":"category","embeddable":true,"href":"https:\/\/laboxfromage.fr\/blog\/wp-json\/wp\/v2\/categories?post=18726"},{"taxonomy":"post_tag","embeddable":true,"href":"https:\/\/laboxfromage.fr\/blog\/wp-json\/wp\/v2\/tags?post=18726"}],"curies":[{"name":"wp","href":"https:\/\/api.w.org\/{rel}","templated":true}]}}