{"id":25812,"date":"2021-06-03T16:46:47","date_gmt":"2021-06-03T14:46:47","guid":{"rendered":"https:\/\/laboxfromage.fr\/blog\/?p=25812"},"modified":"2021-06-03T16:46:47","modified_gmt":"2021-06-03T14:46:47","slug":"queso-manchego","status":"publish","type":"post","link":"https:\/\/laboxfromage.fr\/blog\/queso-manchego\/","title":{"rendered":"Voyagez en Espagne avec le Queso Manchego"},"content":{"rendered":"\n<p>Le Queso Manchego est \u00e0 l&rsquo;honneur dans la Box Fromage de ce mois-ci ! Bernard Mure Ravaud, notre Meilleur Ouvrier de France, a opt\u00e9 pour ce monument de la gastronomie espagnole pour accueillir juin et ses terrasses ensoleill\u00e9es avec un accent ib\u00e9rique de circonstances ! Affin\u00e9 6 mois et pourvu de parfums d\u00e9licats et inattendus, ce <em>queso manchego<\/em> m\u00e9ritait bien ce d\u00e9tour par le coeur de l&rsquo;Espagne&#8230;<\/p>\n\n\n\n<!--more-->\n\n\n\n<h2 class=\"wp-block-heading\">Queso Manchego : un terroir et des brebis d&rsquo;exception<\/h2>\n\n\n\n<div class=\"wp-block-image is-style-default\"><figure class=\"alignright size-large is-resized\"><img decoding=\"async\" src=\"https:\/\/static.laboxfromage.fr\/wp-content\/uploads\/2021\/05\/23122558\/queso-manchego_oveja-manchega.jpeg\" alt=\"queso manchego\" class=\"wp-image-25854\" width=\"172\" height=\"172\" srcset=\"https:\/\/static.laboxfromage.fr\/wp-content\/uploads\/2021\/05\/23122558\/queso-manchego_oveja-manchega.jpeg 287w, https:\/\/static.laboxfromage.fr\/wp-content\/uploads\/2021\/05\/23122558\/queso-manchego_oveja-manchega-150x150.jpeg 150w\" sizes=\"(max-width: 172px) 100vw, 172px\" \/><\/figure><\/div>\n\n\n\n<p>Le Queso Manchego serait apparu il y a plusieurs mill\u00e9naires. Des vestiges arch\u00e9ologiques attestent que l&rsquo;<strong>on produisait d\u00e9j\u00e0 \u00e0 l&rsquo;\u00c2ge de Bronze<\/strong> (il y a 4000 ans) une esp\u00e8ce de tomme de brebis dans l&rsquo;actuelle r\u00e9gion de <em>La Mancha<\/em>. \u00c0 en croire les sp\u00e9cialistes, ce fromage \u00e9tait d\u00e9j\u00e0 pr\u00e9par\u00e9 \u00e0 base du lait des m\u00eames brebis qui seront plus tard nomm\u00e9es \u00ab\u00a0manchegas\u00a0\u00bb et dont la lign\u00e9e est farouchement pr\u00e9serv\u00e9e.<\/p>\n\n\n\n<p>Ces brebis qui p\u00e2turent dans les territoires au climat extr\u00eame de La Mancha donnent l&rsquo;<strong>un des laits ovins les plus pris\u00e9s au monde<\/strong>. Epais, riche et parfum\u00e9, le lait des petites <em>manchegas <\/em>est un produit pr\u00e9cieux et concentr\u00e9 : pour preuve, il n&rsquo;en faut que 5 litres pour produire un kilo de savoureux fromage Manchego.<\/p>\n\n\n\n<figure class=\"wp-block-pullquote has-border-color has-text-color\" style=\"border-color:#557093;color:#557093\"><blockquote><p>Pour \u00eatre nomm\u00e9 Queso Manchego, ce fromage doit \u00eatre <strong>exclusivement<\/strong> fabriqu\u00e9 \u00e0 partir de brebis de race <em>manchega<\/em>.<\/p><\/blockquote><\/figure>\n\n\n\n<div style=\"height:30px\" aria-hidden=\"true\" class=\"wp-block-spacer\"><\/div>\n\n\n\n<h2 class=\"wp-block-heading\">Le Queso Manchego aujourd&rsquo;hui<\/h2>\n\n\n\n<p><strong>Le Manchego b\u00e9n\u00e9ficie d&rsquo;une <a href=\"https:\/\/laboxfromage.fr\/blog\/fromages-aop-aoc-igp\/\" data-type=\"post\" data-id=\"14409\">AOC<\/a> depuis 1984<\/strong> afin d&rsquo;en pr\u00e9server l&rsquo;extraordinaire unicit\u00e9. Traditionnellement, les fromagers entouraient ce fromage de <strong>brins d\u2019\u00e9peautre tress\u00e9s pour d\u00e9corer sa cro\u00fbte<\/strong> et certaines versions sont m\u00eame frott\u00e9es \u00e0 l&rsquo;huile d&rsquo;olive. Aujourd&rsquo;hui, ces gestes ne sont plus indispensable m\u00eame si tous les manchegos arborent l&#8217;empreinte d&rsquo;un joli tressage \u00e0 la surface de leur cro\u00fbte. C&rsquo;est \u00e0 ce jour le fromage le plus consomm\u00e9 d&rsquo;Espagne.<\/p>\n\n\n\n<p>Ce fromage \u00e0 p\u00e2te press\u00e9e non cuite a pour obligation d&rsquo;\u00eatre fabriqu\u00e9 dans la r\u00e9gion d&rsquo;origine : <em>Castilla La Mancha<\/em>. <br>Il devra au minimum \u00eatre affin\u00e9 entre 30 et 60 jours, en fonction de sa taille. <strong>Les versions les plus travaill\u00e9es b\u00e9n\u00e9ficieront d&rsquo;une maturation pouvant atteindre les 2 ans !<\/strong> Le Manchego prend alors le qualificatif de <em>viejo<\/em> et certains n&rsquo;h\u00e9sitent pas \u00e0 le conserver dans des bocaux d&rsquo;huile d&rsquo;olive (m\u00e9thode traditionnelle) pour en att\u00e9nuer le piquant et la duret\u00e9 !<\/p>\n\n\n\n<figure class=\"wp-block-gallery has-nested-images columns-default is-cropped wp-block-gallery-1 is-layout-flex wp-block-gallery-is-layout-flex\">\n<figure class=\"wp-block-image size-large\"><img fetchpriority=\"high\" decoding=\"async\" width=\"750\" height=\"507\" data-id=\"26134\" src=\"https:\/\/static.laboxfromage.fr\/wp-content\/uploads\/2021\/05\/23122557\/queso-manchego-Castilla.jpg\" alt=\"queso manchego\" class=\"wp-image-26134\" srcset=\"https:\/\/static.laboxfromage.fr\/wp-content\/uploads\/2021\/05\/23122557\/queso-manchego-Castilla.jpg 750w, https:\/\/static.laboxfromage.fr\/wp-content\/uploads\/2021\/05\/23122557\/queso-manchego-Castilla-300x203.jpg 300w\" sizes=\"(max-width: 750px) 100vw, 750px\" \/><\/figure>\n\n\n\n<figure class=\"wp-block-image size-large\"><img decoding=\"async\" width=\"1000\" height=\"657\" data-id=\"26135\" src=\"https:\/\/static.laboxfromage.fr\/wp-content\/uploads\/2021\/05\/23122557\/queso-manchego-tranche.jpg\" alt=\"queso manchego\" class=\"wp-image-26135\" srcset=\"https:\/\/static.laboxfromage.fr\/wp-content\/uploads\/2021\/05\/23122557\/queso-manchego-tranche.jpg 1000w, https:\/\/static.laboxfromage.fr\/wp-content\/uploads\/2021\/05\/23122557\/queso-manchego-tranche-300x197.jpg 300w, https:\/\/static.laboxfromage.fr\/wp-content\/uploads\/2021\/05\/23122557\/queso-manchego-tranche-768x505.jpg 768w\" sizes=\"(max-width: 1000px) 100vw, 1000px\" \/><\/figure>\n<figcaption class=\"blocks-gallery-caption\">Castilla La Mancha : ses plaines arides, ses moulins, ses brebis manchegas et son fromage embl\u00e9matique ! (Photo 1 : M. Martin Vicente)<\/figcaption><\/figure>\n\n\n\n<div style=\"height:3px\" aria-hidden=\"true\" class=\"wp-block-spacer\"><\/div>\n\n\n\n<figure class=\"wp-block-pullquote has-border-color has-text-color\" style=\"border-color:#557093;color:#557093\"><blockquote><p>L&rsquo;oeuvre<em>&nbsp;Don Quichotte<\/em>&nbsp;de Cervant\u00e8s met \u00e0 l&rsquo;honneur ce produit typique qui partage les m\u00eames origines g\u00e9ographiques que le h\u00e9ros du roman !<\/p><\/blockquote><\/figure>\n\n\n\n<div style=\"height:19px\" aria-hidden=\"true\" class=\"wp-block-spacer\"><\/div>\n\n\n\n<h2 class=\"wp-block-heading\">Du Queso Manchego dans notre box de fromages<\/h2>\n\n\n\n<div class=\"wp-block-image\"><figure class=\"alignleft size-large is-resized\"><img loading=\"lazy\" decoding=\"async\" src=\"https:\/\/static.laboxfromage.fr\/wp-content\/uploads\/2021\/05\/23122555\/queso-manchego-all.jpg\" alt=\"queso manchego\" class=\"wp-image-26148\" width=\"337\" height=\"224\" srcset=\"https:\/\/static.laboxfromage.fr\/wp-content\/uploads\/2021\/05\/23122555\/queso-manchego-all.jpg 800w, https:\/\/static.laboxfromage.fr\/wp-content\/uploads\/2021\/05\/23122555\/queso-manchego-all-300x200.jpg 300w, https:\/\/static.laboxfromage.fr\/wp-content\/uploads\/2021\/05\/23122555\/queso-manchego-all-768x511.jpg 768w\" sizes=\"(max-width: 337px) 100vw, 337px\" \/><\/figure><\/div>\n\n\n\n<p>Le Manchego choisi par notre MOF b\u00e9n\u00e9ficie d&rsquo;un affinage de 6 mois. Il pr\u00e9sente <strong>une p\u00e2te fondante et un go\u00fbt d\u00e9licat aux saveurs de noisette et m\u00eame de truffe aux abords de sa cro\u00fbte !<\/strong> Le Queso Manchego s\u2019appr\u00e9cie particuli\u00e8rement coup\u00e9 en fines tranches, pour savourer son go\u00fbt affirm\u00e9 et typique. Pour le d\u00e9guster comme en Espagne, ce il s&rsquo;accompagne de p\u00e2te de coing pour plus de douceur.<\/p>\n\n\n\n<p>En compl\u00e9ment, nos abonn\u00e9s ont pu d\u00e9couvrir au sein de cette box, <strong>un iconique comt\u00e9 fruit\u00e9, un coeur de Neufch\u00e2tel onctueux \u00e0 souhait et une <a href=\"https:\/\/laboxfromage.fr\/blog\/tomme-fromage-de-montagne\/\" data-type=\"post\" data-id=\"25000\">tomme de montagne<\/a><\/strong> qui nous transporte aux confins de la Savoie. Envie de d\u00e9couvrir ou d&rsquo;offrir ces fromages s\u00e9lectionn\u00e9es d&rsquo;une main de ma\u00eetre ? Il suffit de vous rendre sur La Box Fromage. Plusieurs modes d&rsquo;abonnement vous y attendent !<\/p>\n\n\n\n<div style=\"height:6px\" aria-hidden=\"true\" class=\"wp-block-spacer\"><\/div>\n\n\n\n<div class=\"wp-block-buttons is-horizontal is-content-justification-center is-layout-flex wp-container-core-buttons-is-layout-03627597 wp-block-buttons-is-layout-flex\">\n<div class=\"wp-block-button\"><a class=\"wp-block-button__link has-background\" href=\"https:\/\/bit.ly\/3hvvwnw\" style=\"background-color:#557093\" target=\"_blank\" rel=\"noreferrer noopener\">LES MEILLEURS FROMAGES POUR (ME) FAIRE PLAISIR<\/a><\/div>\n<\/div>\n\n\n\n<hr class=\"wp-block-separator is-style-wide\" id=\"block-1a7bc1db-c002-44e4-96ca-d9f5de8c4995\"\/>\n\n\n\n<h4 class=\"wp-block-heading\" id=\"block-9306d806-a3f1-43f8-b6a5-2dee5608f6ed\">Pour aller plus loin\u2026<\/h4>\n\n\n\n<p id=\"block-285e5b40-f880-4cd7-b26f-cde86f47c149\">D\u00e9couvrez l\u2019historique de nos box de fromages :<\/p>\n\n\n\n<ul class=\"wp-block-list\" id=\"block-115c6466-d994-4892-93fc-5806bca68f9f\"><li><a rel=\"noreferrer noopener\" href=\"https:\/\/laboxfromage.fr\/blog\/ossau-iraty\/\" target=\"_blank\"><\/a><a rel=\"noreferrer noopener\" href=\"https:\/\/laboxfromage.fr\/blog\/bleu-de-laqueuille-meilleur-bleu-d-auvergne\/\" target=\"_blank\"><\/a><a rel=\"noreferrer noopener\" href=\"https:\/\/laboxfromage.fr\/blog\/tomme-ail-des-ours\/\" target=\"_blank\">Janvier 2020 : focus sur la Tomme \u00e0 l\u2019ail des Ours<\/a><\/li><li><a rel=\"noreferrer noopener\" href=\"https:\/\/laboxfromage.fr\/blog\/ossau-iraty\/\" target=\"_blank\"><\/a><a rel=\"noreferrer noopener\" href=\"https:\/\/laboxfromage.fr\/blog\/bleu-de-laqueuille-meilleur-bleu-d-auvergne\/\" target=\"_blank\"><\/a><a rel=\"noreferrer noopener\" href=\"https:\/\/laboxfromage.fr\/blog\/morbier-aop-fromage-cendre-du-jura\/\" target=\"_blank\">F\u00e9vrier 2020 : focus sur le Morbier<\/a><\/li><li><a rel=\"noreferrer noopener\" href=\"https:\/\/laboxfromage.fr\/blog\/ossau-iraty\/\" target=\"_blank\"><\/a><a rel=\"noreferrer noopener\" href=\"https:\/\/laboxfromage.fr\/blog\/bleu-de-laqueuille-meilleur-bleu-d-auvergne\/\" target=\"_blank\"><\/a><a rel=\"noreferrer noopener\" href=\"https:\/\/laboxfromage.fr\/blog\/ossau-iraty\/\" target=\"_blank\">Mars 2020 : focus sur l\u2019Ossau-Iraty<\/a><\/li><li><a rel=\"noreferrer noopener\" href=\"https:\/\/laboxfromage.fr\/blog\/ossau-iraty\/\" target=\"_blank\"><\/a><a rel=\"noreferrer noopener\" href=\"https:\/\/laboxfromage.fr\/blog\/bleu-de-laqueuille-meilleur-bleu-d-auvergne\/\" target=\"_blank\"><\/a><a rel=\"noreferrer noopener\" href=\"https:\/\/laboxfromage.fr\/blog\/saint-marcellin-igp\/\" target=\"_blank\">Septembre 2020 : focus sur le Saint-Marcellin<\/a><\/li><li><a rel=\"noreferrer noopener\" href=\"https:\/\/laboxfromage.fr\/blog\/ossau-iraty\/\" target=\"_blank\"><\/a><a rel=\"noreferrer noopener\" href=\"https:\/\/laboxfromage.fr\/blog\/bleu-de-laqueuille-meilleur-bleu-d-auvergne\/\" target=\"_blank\"><\/a><a rel=\"noreferrer noopener\" href=\"https:\/\/laboxfromage.fr\/blog\/chevre-cendre\/\" target=\"_blank\">Janvier 2021 : focus sur le ch\u00e8vre cendr\u00e9<\/a><\/li><li><a rel=\"noreferrer noopener\" href=\"https:\/\/laboxfromage.fr\/blog\/ossau-iraty\/\" target=\"_blank\"><\/a><a rel=\"noreferrer noopener\" href=\"https:\/\/laboxfromage.fr\/blog\/bleu-de-laqueuille-meilleur-bleu-d-auvergne\/\" target=\"_blank\"><\/a><a rel=\"noreferrer noopener\" href=\"https:\/\/laboxfromage.fr\/blog\/fourme-dambert-aop\/\" target=\"_blank\">F\u00e9vrier 2021 : focus sur la Fourme d\u2019Ambert<\/a><\/li><li><a rel=\"noreferrer noopener\" href=\"https:\/\/laboxfromage.fr\/blog\/ossau-iraty\/\" target=\"_blank\"><\/a><a rel=\"noreferrer noopener\" href=\"https:\/\/laboxfromage.fr\/blog\/bleu-de-laqueuille-meilleur-bleu-d-auvergne\/\" target=\"_blank\"><\/a><a rel=\"noreferrer noopener\" href=\"https:\/\/laboxfromage.fr\/blog\/le-cantal-a-lhonneur-dans-la-box-fromage-de-mars-2021\/\" target=\"_blank\">Mars 2021 : focus sur le Cantal<\/a><\/li><li><a rel=\"noreferrer noopener\" href=\"https:\/\/laboxfromage.fr\/blog\/ossau-iraty\/\" target=\"_blank\"><\/a><a rel=\"noreferrer noopener\" href=\"https:\/\/laboxfromage.fr\/blog\/bleu-de-laqueuille-meilleur-bleu-d-auvergne\/\" target=\"_blank\"><\/a><a rel=\"noreferrer noopener\" href=\"https:\/\/laboxfromage.fr\/blog\/bleu-de-laqueuille-meilleur-bleu-d-auvergne\/\" target=\"_blank\">Avril 2021 : focus sur le bleu de Laqueuille<\/a><\/li><li><a rel=\"noreferrer noopener\" href=\"https:\/\/laboxfromage.fr\/blog\/ossau-iraty\/\" target=\"_blank\"><\/a><a rel=\"noreferrer noopener\" href=\"https:\/\/laboxfromage.fr\/blog\/bleu-de-laqueuille-meilleur-bleu-d-auvergne\/\" target=\"_blank\"><\/a><a rel=\"noreferrer noopener\" href=\"https:\/\/laboxfromage.fr\/blog\/tomme-fromage-de-montagne\/\" target=\"_blank\">Mai 2021 : focus sur la tomme de montagne<\/a><\/li><li><a rel=\"noreferrer noopener\" href=\"https:\/\/laboxfromage.fr\/blog\/ossau-iraty\/\" target=\"_blank\"><\/a><a rel=\"noreferrer noopener\" href=\"https:\/\/laboxfromage.fr\/blog\/bleu-de-laqueuille-meilleur-bleu-d-auvergne\/\" target=\"_blank\"><\/a><a rel=\"noreferrer noopener\" href=\"https:\/\/laboxfromage.fr\/blog\/picodon\/\" target=\"_blank\">Septembre 2021 : focus sur le Picodon<\/a><\/li><li><a rel=\"noreferrer noopener\" href=\"https:\/\/laboxfromage.fr\/blog\/ossau-iraty\/\" target=\"_blank\"><\/a><a rel=\"noreferrer noopener\" href=\"https:\/\/laboxfromage.fr\/blog\/bleu-de-laqueuille-meilleur-bleu-d-auvergne\/\" target=\"_blank\"><\/a><a rel=\"noreferrer noopener\" href=\"https:\/\/laboxfromage.fr\/blog\/livarot-fromage\/\" target=\"_blank\">Octobre 2021 : focus sur le Livarot<\/a><\/li><li><a rel=\"noreferrer noopener\" href=\"https:\/\/laboxfromage.fr\/blog\/ossau-iraty\/\" target=\"_blank\"><\/a><a rel=\"noreferrer noopener\" href=\"https:\/\/laboxfromage.fr\/blog\/bleu-de-laqueuille-meilleur-bleu-d-auvergne\/\" target=\"_blank\"><\/a><a rel=\"noreferrer noopener\" href=\"https:\/\/laboxfromage.fr\/blog\/munster-fromage\/\" target=\"_blank\">Novembre 2021 : focus sur le Munster<\/a><\/li><li><a rel=\"noreferrer noopener\" href=\"https:\/\/laboxfromage.fr\/blog\/ossau-iraty\/\" target=\"_blank\"><\/a><a rel=\"noreferrer noopener\" href=\"https:\/\/laboxfromage.fr\/blog\/bleu-de-laqueuille-meilleur-bleu-d-auvergne\/\" target=\"_blank\"><\/a><a rel=\"noreferrer noopener\" href=\"https:\/\/laboxfromage.fr\/blog\/tomme-aux-fleurs\/\" target=\"_blank\">D\u00e9cembre 2021 : focus sur la tomme aux fleurs<\/a><\/li><li><a rel=\"noreferrer noopener\" href=\"https:\/\/laboxfromage.fr\/blog\/fromage-maroilles-aoc\/\" target=\"_blank\">Janvier 2022 : focus sur le Maroilles<\/a><\/li><li><a rel=\"noreferrer noopener\" href=\"https:\/\/laboxfromage.fr\/blog\/vacherin-fromage\/\" target=\"_blank\">F\u00e9vrier 2022 : focus sur le Vacherin<\/a><\/li><li><a rel=\"noreferrer noopener\" href=\"https:\/\/laboxfromage.fr\/blog\/fromage-langres-aop\/\" target=\"_blank\">Mars 2022 : focus sur le Langres<\/a><\/li><li><a rel=\"noreferrer noopener\" href=\"https:\/\/laboxfromage.fr\/blog\/bleu-du-vercors-sassenage\/\" target=\"_blank\">Avril 2022 : focus sur le Bleu du Vercors-Sassenage<\/a><\/li><\/ul>\n","protected":false},"excerpt":{"rendered":"<p>Le Queso Manchego est \u00e0 l&rsquo;honneur dans la Box Fromage de ce mois-ci ! Bernard Mure Ravaud, notre Meilleur Ouvrier de France, a opt\u00e9 pour ce monument de la gastronomie espagnole pour accueillir juin et ses terrasses ensoleill\u00e9es avec un accent ib\u00e9rique de circonstances ! Affin\u00e9 6 mois et pourvu de parfums d\u00e9licats et inattendus, [&hellip;]<\/p>\n","protected":false},"author":20,"featured_media":26152,"comment_status":"open","ping_status":"closed","sticky":false,"template":"","format":"standard","meta":{"_acf_changed":false,"_seopress_robots_primary_cat":"none","_seopress_titles_title":"Voyagez en Espagne avec le Queso Manchego","_seopress_titles_desc":"Queso Manchego AOP : c&#039;est le fromage espagnole le plus connu ! D\u00e9couvrez d&#039;o\u00f9 il tient son nom et avec quoi le d\u00e9guster.","_seopress_robots_index":"","footnotes":""},"categories":[713,3],"tags":[],"class_list":["post-25812","post","type-post","status-publish","format-standard","has-post-thumbnail","hentry","category-fromage-a-domicile","category-types-fromage"],"acf":[],"_links":{"self":[{"href":"https:\/\/laboxfromage.fr\/blog\/wp-json\/wp\/v2\/posts\/25812","targetHints":{"allow":["GET"]}}],"collection":[{"href":"https:\/\/laboxfromage.fr\/blog\/wp-json\/wp\/v2\/posts"}],"about":[{"href":"https:\/\/laboxfromage.fr\/blog\/wp-json\/wp\/v2\/types\/post"}],"author":[{"embeddable":true,"href":"https:\/\/laboxfromage.fr\/blog\/wp-json\/wp\/v2\/users\/20"}],"replies":[{"embeddable":true,"href":"https:\/\/laboxfromage.fr\/blog\/wp-json\/wp\/v2\/comments?post=25812"}],"version-history":[{"count":0,"href":"https:\/\/laboxfromage.fr\/blog\/wp-json\/wp\/v2\/posts\/25812\/revisions"}],"wp:featuredmedia":[{"embeddable":true,"href":"https:\/\/laboxfromage.fr\/blog\/wp-json\/wp\/v2\/media\/26152"}],"wp:attachment":[{"href":"https:\/\/laboxfromage.fr\/blog\/wp-json\/wp\/v2\/media?parent=25812"}],"wp:term":[{"taxonomy":"category","embeddable":true,"href":"https:\/\/laboxfromage.fr\/blog\/wp-json\/wp\/v2\/categories?post=25812"},{"taxonomy":"post_tag","embeddable":true,"href":"https:\/\/laboxfromage.fr\/blog\/wp-json\/wp\/v2\/tags?post=25812"}],"curies":[{"name":"wp","href":"https:\/\/api.w.org\/{rel}","templated":true}]}}