{"id":26324,"date":"2021-06-14T14:22:24","date_gmt":"2021-06-14T12:22:24","guid":{"rendered":"https:\/\/laboxfromage.fr\/blog\/?p=26324"},"modified":"2021-06-14T14:22:24","modified_gmt":"2021-06-14T12:22:24","slug":"meilleur-ouvrier-de-france-fromager","status":"publish","type":"post","link":"https:\/\/laboxfromage.fr\/blog\/meilleur-ouvrier-de-france-fromager\/","title":{"rendered":"Qu&rsquo;est-ce qu&rsquo;un Meilleur Ouvrier de France ?"},"content":{"rendered":"\t\t<div data-elementor-type=\"wp-post\" data-elementor-id=\"26324\" class=\"elementor elementor-26324\" data-elementor-post-type=\"post\">\n\t\t\t\t\t\t<section class=\"elementor-section elementor-top-section elementor-element elementor-element-504ba528 elementor-section-boxed elementor-section-height-default elementor-section-height-default\" data-id=\"504ba528\" data-element_type=\"section\" data-e-type=\"section\">\n\t\t\t\t\t\t<div class=\"elementor-container elementor-column-gap-default\">\n\t\t\t\t\t<div class=\"elementor-column elementor-col-100 elementor-top-column elementor-element elementor-element-7f17be21\" data-id=\"7f17be21\" data-element_type=\"column\" data-e-type=\"column\">\n\t\t\t<div class=\"elementor-widget-wrap elementor-element-populated\">\n\t\t\t\t\t\t<div class=\"elementor-element elementor-element-53d4ee2 elementor-widget elementor-widget-text-editor\" data-id=\"53d4ee2\" data-element_type=\"widget\" data-e-type=\"widget\" data-widget_type=\"text-editor.default\">\n\t\t\t\t<div class=\"elementor-widget-container\">\n\t\t\t\t\t\t\t\t\t<p>Paul Bocuse. Philippe Etchebest. Fr\u00e9d\u00e9ric Anton. Jo\u00ebl Robuchon. Patrick Roger. Des grands noms de la cuisine, qui ont un point commun :<strong> celui de faire partie du club des <em>cols bleu-blanc-rouge<\/em>.<\/strong> Ce surnom est d\u00fb au signe distinctif qu&rsquo;arbore sur son tablier chaque <a href=\"https:\/\/www.meilleursouvriersdefrance.info\/accueil.html\"><strong>Meilleur Ouvrier de France<\/strong><\/a>, ces artisans fran\u00e7ais qui ont atteint l&rsquo;excellence. On vous d\u00e9voile<strong> les coulisses de ce titre prestigieux et de son concours.<\/strong><\/p>\t\t\t\t\t\t\t\t<\/div>\n\t\t\t\t<\/div>\n\t\t\t\t<div class=\"elementor-element elementor-element-be3d05d elementor-widget elementor-widget-heading\" data-id=\"be3d05d\" data-element_type=\"widget\" data-e-type=\"widget\" data-widget_type=\"heading.default\">\n\t\t\t\t<div class=\"elementor-widget-container\">\n\t\t\t\t\t<h2 class=\"elementor-heading-title elementor-size-default\">\u00c0 quoi correspond le titre de Meilleur Ouvrier de France (MOF) ?<\/h2>\t\t\t\t<\/div>\n\t\t\t\t<\/div>\n\t\t\t\t<div class=\"elementor-element elementor-element-648f5bb elementor-widget elementor-widget-text-editor\" data-id=\"648f5bb\" data-element_type=\"widget\" data-e-type=\"widget\" data-widget_type=\"text-editor.default\">\n\t\t\t\t<div class=\"elementor-widget-container\">\n\t\t\t\t\t\t\t\t\t<p>Ce concours d&rsquo;excellence <strong>vise \u00e0 r\u00e9compenser des talents exceptionnels<\/strong>. Le titre de Meilleur Ouvrier de France se segmente en cat\u00e9gories de m\u00e9tiers et ne s&rsquo;adresse qu&rsquo;aux professionnels. Organis\u00e9 par le <em><a href=\"https:\/\/www.meilleursouvriersdefrance.org\/\">COET-MOF<\/a><\/em> tous les 3 ou 4 ans, ce concours a pour valeur de titre certifi\u00e9 de niveau III par le minist\u00e8re du Travail. Il est reconnu tant par les professionnels que par le grand public qui y voit \u00e0 juste titre <strong>un gage de qualit\u00e9<\/strong>.<\/p>\n<p><!-- \/wp:paragraph --><!-- wp:paragraph --><\/p>\n<p>Les conditions des \u00e9preuves sont donn\u00e9es 2 ans \u00e0 l&rsquo;avance, et durant l&rsquo;\u00e9preuve, ce sont \u00e0 la fois <strong>la pr\u00e9cision des gestes techniques<\/strong>, <strong>le respect des traditions<\/strong>, autant que <strong>l&rsquo;innovation du candidat<\/strong> qui sont \u00e9valu\u00e9s.\u00a0<\/p>\n<p>Les \u00e9preuves sont aussi intenses que les enjeux sont hauts, ce qui explique que ce concours ne soit pas annuel. <strong>La prochaine \u00e9dition<\/strong> est celle de 2019\/2021 : elle est donc actuellement quelque peu bouscul\u00e9e par la crise du Covid-19 mais<strong> la remise des titres devrait avoir lieu la premi\u00e8re semaine de f\u00e9vrier 2022.<\/strong><\/p>\n<p><!-- \/wp:paragraph --><!-- wp:paragraph --><\/p>\n<p>De plus, <strong>il ne s&rsquo;agit en aucun cas d&rsquo;une comp\u00e9tition o\u00f9 le meilleur obtient le pr\u00e9cieux s\u00e9same \u00e0 chaque \u00e9dition<\/strong> ; ce qui rehausse encore plus la valeur du titre ! Ainsi, en 2015, il n&rsquo;y eut aucun M.O.F. Chocolatier, faute de candidats \u00e0 la hauteur. Dans d&rsquo;autres cas, \u00e0 l&rsquo;inverse, il peut arriver que plusieurs MOF d&rsquo;une m\u00eame discipline soient sacr\u00e9s au cours de la m\u00eame \u00e9dition. <strong>C&rsquo;est le cas de <a href=\"https:\/\/laboxfromage.fr\/blog\/bernard-mure-ravaud\/\">Bernard<\/a> et <a href=\"https:\/\/laboxfromage.fr\/blog\/rodolphe-le-meunier-rejoint-la-box-fromage\/\">Rodolphe<\/a>, les deux fromagers de La Box Fromage<\/strong> qui concourraient tous deux en 2007 !<\/p>\t\t\t\t\t\t\t\t<\/div>\n\t\t\t\t<\/div>\n\t\t\t\t<div class=\"elementor-element elementor-element-2b874ee elementor-arrows-position-inside elementor-pagination-position-outside elementor-widget elementor-widget-image-carousel\" data-id=\"2b874ee\" data-element_type=\"widget\" data-e-type=\"widget\" data-settings=\"{&quot;navigation&quot;:&quot;both&quot;,&quot;autoplay&quot;:&quot;yes&quot;,&quot;pause_on_hover&quot;:&quot;yes&quot;,&quot;pause_on_interaction&quot;:&quot;yes&quot;,&quot;autoplay_speed&quot;:5000,&quot;infinite&quot;:&quot;yes&quot;,&quot;speed&quot;:500}\" data-widget_type=\"image-carousel.default\">\n\t\t\t\t<div class=\"elementor-widget-container\">\n\t\t\t\t\t\t\t<div class=\"elementor-image-carousel-wrapper swiper\" role=\"region\" aria-roledescription=\"carousel\" aria-label=\"Carrousel d\u2019images\" dir=\"ltr\">\n\t\t\t<div class=\"elementor-image-carousel swiper-wrapper\" aria-live=\"off\">\n\t\t\t\t\t\t\t\t<div class=\"swiper-slide\" role=\"group\" aria-roledescription=\"slide\" aria-label=\"1 sur 3\"><figure class=\"swiper-slide-inner\"><img decoding=\"async\" class=\"swiper-slide-image\" src=\"https:\/\/static.laboxfromage.fr\/wp-content\/uploads\/2021\/06\/23122547\/meilleur-ouvrier-de-france_mof1-768x768.jpg\" alt=\"meilleur-ouvrier-de-france_\" \/><\/figure><\/div><div class=\"swiper-slide\" role=\"group\" aria-roledescription=\"slide\" aria-label=\"2 sur 3\"><figure class=\"swiper-slide-inner\"><img decoding=\"async\" class=\"swiper-slide-image\" src=\"https:\/\/static.laboxfromage.fr\/wp-content\/uploads\/2021\/06\/23122548\/meilleur-ouvrier-de-france_medaille-768x576.jpeg\" alt=\"meilleur-ouvrier-de-france_\" \/><\/figure><\/div><div class=\"swiper-slide\" role=\"group\" aria-roledescription=\"slide\" aria-label=\"3 sur 3\"><figure class=\"swiper-slide-inner\"><img decoding=\"async\" class=\"swiper-slide-image\" src=\"https:\/\/static.laboxfromage.fr\/wp-content\/uploads\/2021\/06\/23122548\/meilleur-ouvrier-de-france_coet-mof-768x824.jpeg\" alt=\"meilleur-ouvrier-de-france_\" \/><\/figure><\/div>\t\t\t<\/div>\n\t\t\t\t\t\t\t\t\t\t\t\t<div class=\"elementor-swiper-button elementor-swiper-button-prev\" role=\"button\" tabindex=\"0\">\n\t\t\t\t\t\t<svg aria-hidden=\"true\" class=\"e-font-icon-svg e-eicon-chevron-left\" viewBox=\"0 0 1000 1000\" xmlns=\"http:\/\/www.w3.org\/2000\/svg\"><path d=\"M646 125C629 125 613 133 604 142L308 442C296 454 292 471 292 487 292 504 296 521 308 533L604 854C617 867 629 875 646 875 663 875 679 871 692 858 704 846 713 829 713 812 713 796 708 779 692 767L438 487 692 225C700 217 708 204 708 187 708 171 704 154 692 142 675 129 663 125 646 125Z\"><\/path><\/svg>\t\t\t\t\t<\/div>\n\t\t\t\t\t<div class=\"elementor-swiper-button elementor-swiper-button-next\" role=\"button\" tabindex=\"0\">\n\t\t\t\t\t\t<svg aria-hidden=\"true\" class=\"e-font-icon-svg e-eicon-chevron-right\" viewBox=\"0 0 1000 1000\" xmlns=\"http:\/\/www.w3.org\/2000\/svg\"><path d=\"M696 533C708 521 713 504 713 487 713 471 708 454 696 446L400 146C388 133 375 125 354 125 338 125 325 129 313 142 300 154 292 171 292 187 292 204 296 221 308 233L563 492 304 771C292 783 288 800 288 817 288 833 296 850 308 863 321 871 338 875 354 875 371 875 388 867 400 854L696 533Z\"><\/path><\/svg>\t\t\t\t\t<\/div>\n\t\t\t\t\n\t\t\t\t\t\t\t\t\t<div class=\"swiper-pagination\"><\/div>\n\t\t\t\t\t\t\t\t\t<\/div>\n\t\t\t\t\t\t<\/div>\n\t\t\t\t<\/div>\n\t\t\t\t<div class=\"elementor-element elementor-element-0a5a2a5 elementor-widget elementor-widget-heading\" data-id=\"0a5a2a5\" data-element_type=\"widget\" data-e-type=\"widget\" data-widget_type=\"heading.default\">\n\t\t\t\t<div class=\"elementor-widget-container\">\n\t\t\t\t\t<h3 class=\"elementor-heading-title elementor-size-default\">Qui a cr\u00e9\u00e9 le concours des MOF ?<\/h3>\t\t\t\t<\/div>\n\t\t\t\t<\/div>\n\t\t\t\t<div class=\"elementor-element elementor-element-6bdbd32 elementor-widget elementor-widget-text-editor\" data-id=\"6bdbd32\" data-element_type=\"widget\" data-e-type=\"widget\" data-widget_type=\"text-editor.default\">\n\t\t\t\t<div class=\"elementor-widget-container\">\n\t\t\t\t\t\t\t\t\t<p><strong>C&rsquo;est au critique d&rsquo;art Lucien Klotz <\/strong>que nous devons ce concours autour de l&rsquo;artisanat. <strong>L&rsquo;id\u00e9e lui vint en 1913<\/strong>, mais il lui fallut beaucoup de pers\u00e9v\u00e9rance et de persuasion pour que finalement, en 1922, le ministre du commerce Lucien Dior ent\u00e9rine ce concours o\u00f9 \u00ab\u00a0<em>sera proclam\u00e9 dans chaque profession, le\u00a0<strong>Premier Ouvrier de France\u00a0\u00bb.<\/strong><\/em><\/p>\n<p>\u00c0 leur suite, <strong>plusieurs artisans et politiques se sont impliqu\u00e9s<\/strong> pour structurer et faire grossier le concours, qui est donc aujourd&rsquo;hui g\u00e9r\u00e9 par le COET-MOF. Les laur\u00e9ats de leur c\u00f4t\u00e9 ont d\u00e9cid\u00e9 de s&rsquo;unir en une Soci\u00e9t\u00e9 Nationale <strong>pour faire rayonner ensemble les valeurs de leur titre<\/strong> de MOF. Vous pouvez retrouver quelques uns de leurs parcours sur le podcast lanc\u00e9 par l&rsquo;organisme du concours.<\/p>\t\t\t\t\t\t\t\t<\/div>\n\t\t\t\t<\/div>\n\t\t\t\t<div class=\"elementor-element elementor-element-6ec185b elementor-widget elementor-widget-html\" data-id=\"6ec185b\" data-element_type=\"widget\" data-e-type=\"widget\" data-widget_type=\"html.default\">\n\t\t\t\t<div class=\"elementor-widget-container\">\n\t\t\t\t\t<iframe style=\"border-radius:12px\" src=\"https:\/\/open.spotify.com\/embed\/show\/2ptevM8ENWcVPBRM2CD0tX?utm_source=generator\" width=\"100%\" height=\"352\" frameBorder=\"0\" allowfullscreen=\"\" allow=\"autoplay; clipboard-write; encrypted-media; fullscreen; picture-in-picture\" loading=\"lazy\"><\/iframe>\t\t\t\t<\/div>\n\t\t\t\t<\/div>\n\t\t\t\t<div class=\"elementor-element elementor-element-2fc2db0 elementor-widget elementor-widget-heading\" data-id=\"2fc2db0\" data-element_type=\"widget\" data-e-type=\"widget\" data-widget_type=\"heading.default\">\n\t\t\t\t<div class=\"elementor-widget-container\">\n\t\t\t\t\t<h2 class=\"elementor-heading-title elementor-size-default\">Comment devenir Meilleur Ouvrier de France ?<\/h2>\t\t\t\t<\/div>\n\t\t\t\t<\/div>\n\t\t\t\t<div class=\"elementor-element elementor-element-29e91a2 elementor-widget elementor-widget-text-editor\" data-id=\"29e91a2\" data-element_type=\"widget\" data-e-type=\"widget\" data-widget_type=\"text-editor.default\">\n\t\t\t\t<div class=\"elementor-widget-container\">\n\t\t\t\t\t\t\t\t\t<p><strong>Pour se pr\u00e9senter au concours de MOF<\/strong>, il faut :<\/p>\n<ul>\n<li>avoir plus de 23 ans<\/li>\n<li>s&rsquo;acquitter des frais d&rsquo;inscriptions<\/li>\n<li>c&rsquo;est tout !<\/li>\n<\/ul>\n<p>Enfin&#8230; Ensuite, il faut surtout exceller dans le m\u00e9tier que l&rsquo;on exerce. Pour la 25e \u00e9dition du concours, <strong>pas moins de 450 candidats s&rsquo;affrontaient <\/strong>rien que dans la cat\u00e9gorie Restauration ! Il vous faudra donc travailler jour et nuit en plus de votre emploi pour pr\u00e9parer ce marathon.<\/p>\n<p><!-- \/wp:paragraph --><!-- wp:paragraph --><\/p>\n<p>Parlons de restauration justement. Si le concours des MOF englobe tout l&rsquo;artisanat, c&rsquo;est bien les cat\u00e9gories de Cuisine et de Restauration qui sont sur le devant de la sc\u00e8ne. <strong>Les Chefs MOF, issus de la Classe Cuisine, sont parmi les plus m\u00e9diatis\u00e9s.<\/strong> Cette partie du concours fut g\u00e9r\u00e9e par Paul Bocuse jusqu&rsquo;en 2011, apr\u00e8s quoi Alain Ducasse a repris le flambeau \u00e0 la t\u00eate du jury final.<\/p>\t\t\t\t\t\t\t\t<\/div>\n\t\t\t\t<\/div>\n\t\t\t\t<div class=\"elementor-element elementor-element-4f16c4c elementor-blockquote--skin-border elementor-widget elementor-widget-blockquote\" data-id=\"4f16c4c\" data-element_type=\"widget\" data-e-type=\"widget\" data-widget_type=\"blockquote.default\">\n\t\t\t\t<div class=\"elementor-widget-container\">\n\t\t\t\t\t\t\t<blockquote class=\"elementor-blockquote\">\n\t\t\t<p class=\"elementor-blockquote__content\">\n\t\t\t\tL'\u00e9preuve de p\u00e2tisserie-confiserie est r\u00e9put\u00e9e pour \u00eatre la plus difficile : en effet, le temps total pour pr\u00e9parer le concours est de 2 ans, et l'\u00e9preuve finale s'encha\u00eene sur 3 jours non-stop avec plus de 30 h de travail.\t\t\t<\/p>\n\t\t\t\t\t<\/blockquote>\n\t\t\t\t\t\t<\/div>\n\t\t\t\t<\/div>\n\t\t\t\t<div class=\"elementor-element elementor-element-3c3c46b elementor-widget elementor-widget-text-editor\" data-id=\"3c3c46b\" data-element_type=\"widget\" data-e-type=\"widget\" data-widget_type=\"text-editor.default\">\n\t\t\t\t<div class=\"elementor-widget-container\">\n\t\t\t\t\t\t\t\t\t<p>Comme nous le disions, les corps de m\u00e9tier repr\u00e9sent\u00e9s sont tr\u00e8s divers, et concernent principalement l&rsquo;artisanat. Il y a ainsi le travail du cuir, la joaillerie, la verrerie, le bois ; mais aussi l&rsquo;enluminure, la lutherie, la ferronnerie, la lunetterie ou encore la dentellerie. <strong>Au total, 16 groupes se c\u00f4toient, pour 230 m\u00e9tiers repr\u00e9sent\u00e9s.<\/strong><\/p>\n<p><!-- \/wp:list --><!-- wp:paragraph --><\/p>\t\t\t\t\t\t\t\t<\/div>\n\t\t\t\t<\/div>\n\t\t\t\t<section class=\"elementor-section elementor-inner-section elementor-element elementor-element-48b3767 elementor-section-boxed elementor-section-height-default elementor-section-height-default\" data-id=\"48b3767\" data-element_type=\"section\" data-e-type=\"section\">\n\t\t\t\t\t\t<div class=\"elementor-container elementor-column-gap-default\">\n\t\t\t\t\t<div class=\"elementor-column elementor-col-50 elementor-inner-column elementor-element elementor-element-f55832a\" data-id=\"f55832a\" data-element_type=\"column\" data-e-type=\"column\">\n\t\t\t<div class=\"elementor-widget-wrap elementor-element-populated\">\n\t\t\t\t\t\t<div class=\"elementor-element elementor-element-9ae4275 elementor-widget elementor-widget-text-editor\" data-id=\"9ae4275\" data-element_type=\"widget\" data-e-type=\"widget\" data-widget_type=\"text-editor.default\">\n\t\t\t\t<div class=\"elementor-widget-container\">\n\t\t\t\t\t\t\t\t\t<p>Du c\u00f4t\u00e9 des m\u00e9tiers de l&rsquo;alimentation, dits \u00ab\u00a0de bouche\u00a0\u00bb, voici les classes :<\/p>\n<p><!-- \/wp:paragraph --><!-- wp:list --><\/p>\n<ul>\n<li>p\u00e2tisserie \/ confiserie<\/li>\n<li>boucherie (\u00e9tal)<\/li>\n<li>charcuterie (traiteur)<\/li>\n<li>boulangerie<\/li>\n<li>glace, sorbet et cr\u00e8me glac\u00e9e<\/li>\n<li>chocolaterie \/ confiserie<\/li>\n<li>primeur<\/li>\n<li>fromagerie<\/li>\n<li>poissonnier<\/li>\n<\/ul>\t\t\t\t\t\t\t\t<\/div>\n\t\t\t\t<\/div>\n\t\t\t\t\t<\/div>\n\t\t<\/div>\n\t\t\t\t<div class=\"elementor-column elementor-col-50 elementor-inner-column elementor-element elementor-element-f5682ab\" data-id=\"f5682ab\" data-element_type=\"column\" data-e-type=\"column\">\n\t\t\t<div class=\"elementor-widget-wrap elementor-element-populated\">\n\t\t\t\t\t\t<div class=\"elementor-element elementor-element-ea4c856 elementor-widget elementor-widget-text-editor\" data-id=\"ea4c856\" data-element_type=\"widget\" data-e-type=\"widget\" data-widget_type=\"text-editor.default\">\n\t\t\t\t<div class=\"elementor-widget-container\">\n\t\t\t\t\t\t\t\t\t<p>Le groupe restauration et h\u00f4tellerie contient lui-m\u00eame 6 classes :<\/p>\n<p><!-- \/wp:paragraph --><!-- wp:list --><\/p>\n<ul>\n<li>cuisine-gastronomie (la plus c\u00e9l\u00e8bre de toutes)<\/li>\n<li>ma\u00eetre d&rsquo;h\u00f4tel, du service et des arts de la table<\/li>\n<li>sommellerie<\/li>\n<li>barman<\/li>\n<li>gouvernant(e) des services h\u00f4teliers<\/li>\n<li>r\u00e9ceptionniste en h\u00f4tellerie<\/li>\n<\/ul>\t\t\t\t\t\t\t\t<\/div>\n\t\t\t\t<\/div>\n\t\t\t\t\t<\/div>\n\t\t<\/div>\n\t\t\t\t\t<\/div>\n\t\t<\/section>\n\t\t\t\t<div class=\"elementor-element elementor-element-44f4897 gallery-spacing-custom elementor-widget elementor-widget-image-gallery\" data-id=\"44f4897\" data-element_type=\"widget\" data-e-type=\"widget\" data-widget_type=\"image-gallery.default\">\n\t\t\t\t<div class=\"elementor-widget-container\">\n\t\t\t\t\t\t\t<div class=\"elementor-image-gallery\">\n\t\t\t<div id='gallery-1' class='gallery galleryid-26324 gallery-columns-3 gallery-size-large'><figure class='gallery-item'>\n\t\t\t<div class='gallery-icon landscape'>\n\t\t\t\t<img fetchpriority=\"high\" decoding=\"async\" width=\"800\" height=\"800\" src=\"https:\/\/static.laboxfromage.fr\/wp-content\/uploads\/2021\/06\/23122550\/meilleur-ouvrier-de-france_col-1024x1024.jpg\" class=\"attachment-large size-large\" alt=\"meilleur-ouvrier-de-france\" srcset=\"https:\/\/static.laboxfromage.fr\/wp-content\/uploads\/2021\/06\/23122550\/meilleur-ouvrier-de-france_col-1024x1024.jpg 1024w, https:\/\/static.laboxfromage.fr\/wp-content\/uploads\/2021\/06\/23122550\/meilleur-ouvrier-de-france_col-300x300.jpg 300w, https:\/\/static.laboxfromage.fr\/wp-content\/uploads\/2021\/06\/23122550\/meilleur-ouvrier-de-france_col-150x150.jpg 150w, https:\/\/static.laboxfromage.fr\/wp-content\/uploads\/2021\/06\/23122550\/meilleur-ouvrier-de-france_col-768x768.jpg 768w, https:\/\/static.laboxfromage.fr\/wp-content\/uploads\/2021\/06\/23122550\/meilleur-ouvrier-de-france_col.jpg 1327w\" sizes=\"(max-width: 800px) 100vw, 800px\" \/>\n\t\t\t<\/div><\/figure><figure class='gallery-item'>\n\t\t\t<div class='gallery-icon landscape'>\n\t\t\t\t<img decoding=\"async\" width=\"800\" height=\"800\" src=\"https:\/\/static.laboxfromage.fr\/wp-content\/uploads\/2021\/06\/23122550\/meilleur-ouvrier-de-france_logo-1024x1024.jpg\" class=\"attachment-large size-large\" alt=\"meilleur-ouvrier-de-france\" srcset=\"https:\/\/static.laboxfromage.fr\/wp-content\/uploads\/2021\/06\/23122550\/meilleur-ouvrier-de-france_logo-1024x1024.jpg 1024w, https:\/\/static.laboxfromage.fr\/wp-content\/uploads\/2021\/06\/23122550\/meilleur-ouvrier-de-france_logo-300x300.jpg 300w, https:\/\/static.laboxfromage.fr\/wp-content\/uploads\/2021\/06\/23122550\/meilleur-ouvrier-de-france_logo-150x150.jpg 150w, https:\/\/static.laboxfromage.fr\/wp-content\/uploads\/2021\/06\/23122550\/meilleur-ouvrier-de-france_logo-768x768.jpg 768w, https:\/\/static.laboxfromage.fr\/wp-content\/uploads\/2021\/06\/23122550\/meilleur-ouvrier-de-france_logo-1536x1536.jpg 1536w, https:\/\/static.laboxfromage.fr\/wp-content\/uploads\/2021\/06\/23122550\/meilleur-ouvrier-de-france_logo-2048x2048.jpg 2048w\" sizes=\"(max-width: 800px) 100vw, 800px\" \/>\n\t\t\t<\/div><\/figure><figure class='gallery-item'>\n\t\t\t<div class='gallery-icon landscape'>\n\t\t\t\t<img decoding=\"async\" width=\"800\" height=\"800\" src=\"https:\/\/static.laboxfromage.fr\/wp-content\/uploads\/2021\/06\/23122549\/meilleur-ouvrier-de-france_manche-1024x1024.jpg\" class=\"attachment-large size-large\" alt=\"meilleur-ouvrier-de-france\" srcset=\"https:\/\/static.laboxfromage.fr\/wp-content\/uploads\/2021\/06\/23122549\/meilleur-ouvrier-de-france_manche-1024x1024.jpg 1024w, https:\/\/static.laboxfromage.fr\/wp-content\/uploads\/2021\/06\/23122549\/meilleur-ouvrier-de-france_manche-300x300.jpg 300w, https:\/\/static.laboxfromage.fr\/wp-content\/uploads\/2021\/06\/23122549\/meilleur-ouvrier-de-france_manche-150x150.jpg 150w, https:\/\/static.laboxfromage.fr\/wp-content\/uploads\/2021\/06\/23122549\/meilleur-ouvrier-de-france_manche-768x768.jpg 768w, https:\/\/static.laboxfromage.fr\/wp-content\/uploads\/2021\/06\/23122549\/meilleur-ouvrier-de-france_manche-1536x1536.jpg 1536w, https:\/\/static.laboxfromage.fr\/wp-content\/uploads\/2021\/06\/23122549\/meilleur-ouvrier-de-france_manche-2048x2048.jpg 2048w\" sizes=\"(max-width: 800px) 100vw, 800px\" \/>\n\t\t\t<\/div><\/figure>\n\t\t<\/div>\n\t\t<\/div>\n\t\t\t\t\t\t<\/div>\n\t\t\t\t<\/div>\n\t\t\t\t<div class=\"elementor-element elementor-element-6f33509 elementor-widget elementor-widget-text-editor\" data-id=\"6f33509\" data-element_type=\"widget\" data-e-type=\"widget\" data-widget_type=\"text-editor.default\">\n\t\t\t\t<div class=\"elementor-widget-container\">\n\t\t\t\t\t\t\t\t\t<p style=\"text-align: center;\">Seul un MOF peut arborer le col bleu blanc rouge sur ses uniformes et tenues. Rodolphe Le Meunier l&rsquo;a aussi fait figurer sous son monogramme, au niveau de la manche et du coeur.<\/p>\t\t\t\t\t\t\t\t<\/div>\n\t\t\t\t<\/div>\n\t\t\t\t<div class=\"elementor-element elementor-element-6035440 elementor-align-center elementor-widget elementor-widget-button\" data-id=\"6035440\" data-element_type=\"widget\" data-e-type=\"widget\" data-widget_type=\"button.default\">\n\t\t\t\t<div class=\"elementor-widget-container\">\n\t\t\t\t\t\t\t\t\t<div class=\"elementor-button-wrapper\">\n\t\t\t\t\t<a class=\"elementor-button elementor-button-link elementor-size-lg\" href=\"https:\/\/bit.ly\/3negB3K\">\n\t\t\t\t\t\t<span class=\"elementor-button-content-wrapper\">\n\t\t\t\t\t\t\t\t\t<span class=\"elementor-button-text\">LES FROMAGES D'UN MOF LIVR\u00c9S \u00c0 DOMICILE<\/span>\n\t\t\t\t\t<\/span>\n\t\t\t\t\t<\/a>\n\t\t\t\t<\/div>\n\t\t\t\t\t\t\t\t<\/div>\n\t\t\t\t<\/div>\n\t\t\t\t<div class=\"elementor-element elementor-element-2027da6 elementor-widget elementor-widget-spacer\" data-id=\"2027da6\" data-element_type=\"widget\" data-e-type=\"widget\" data-widget_type=\"spacer.default\">\n\t\t\t\t<div class=\"elementor-widget-container\">\n\t\t\t\t\t\t\t<div class=\"elementor-spacer\">\n\t\t\t<div class=\"elementor-spacer-inner\"><\/div>\n\t\t<\/div>\n\t\t\t\t\t\t<\/div>\n\t\t\t\t<\/div>\n\t\t\t\t<div class=\"elementor-element elementor-element-1d20110 elementor-widget elementor-widget-heading\" data-id=\"1d20110\" data-element_type=\"widget\" data-e-type=\"widget\" data-widget_type=\"heading.default\">\n\t\t\t\t<div class=\"elementor-widget-container\">\n\t\t\t\t\t<h2 class=\"elementor-heading-title elementor-size-default\">Zoom sur : les Meilleurs Ouvriers de France Fromagers<\/h2>\t\t\t\t<\/div>\n\t\t\t\t<\/div>\n\t\t\t\t<section class=\"elementor-section elementor-inner-section elementor-element elementor-element-40baec8 elementor-section-boxed elementor-section-height-default elementor-section-height-default\" data-id=\"40baec8\" data-element_type=\"section\" data-e-type=\"section\">\n\t\t\t\t\t\t<div class=\"elementor-container elementor-column-gap-default\">\n\t\t\t\t\t<div class=\"elementor-column elementor-col-50 elementor-inner-column elementor-element elementor-element-36af3ea\" data-id=\"36af3ea\" data-element_type=\"column\" data-e-type=\"column\">\n\t\t\t<div class=\"elementor-widget-wrap elementor-element-populated\">\n\t\t\t\t\t\t<div class=\"elementor-element elementor-element-cb09421 elementor-widget elementor-widget-text-editor\" data-id=\"cb09421\" data-element_type=\"widget\" data-e-type=\"widget\" data-widget_type=\"text-editor.default\">\n\t\t\t\t<div class=\"elementor-widget-container\">\n\t\t\t\t\t\t\t\t\t<p>Vous en connaissez maintenant 2 : <a href=\"https:\/\/laboxfromage.fr\/blog\/bernard-mure-ravaud\/\" data-type=\"post\" data-id=\"14047\">Bernard Mure-Ravaud<\/a> et <a href=\"https:\/\/laboxfromage.fr\/blog\/rodolphe-le-meunier-rejoint-la-box-fromage\/\" data-type=\"post\" data-id=\"25806\">Rodolphe Le Meunier<\/a>, les fromagers \u00e0 l&rsquo;origine des s\u00e9lections de nos box mensuelles ! <strong>C&rsquo;est bien l\u00e0 que se joue la force de La Box Fromage. <\/strong>Vous recevez les fromages d&rsquo;artisans \u00e9patants, qui ont convaincu leurs pairs et viennent maintenant vous r\u00e9galer.<\/p>\n<p><!-- \/wp:paragraph --><!-- wp:image {\"align\":\"right\",\"id\":26345,\"width\":250,\"height\":250,\"sizeSlug\":\"large\",\"linkDestination\":\"none\",\"className\":\"is-style-rounded\"} --><\/p>\n<figure class=\"wp-block-image alignright size-large is-resized is-style-rounded\"><br \/>\n<figcaption><\/figcaption>\n<\/figure>\n<p><!-- \/wp:image --><!-- wp:paragraph --><\/p>\n<p>En 2007, ann\u00e9e de l&rsquo;obtention de leur titre, Rodolphe et Bernard eurent comme co-laur\u00e9ats La\u00ebtitia Gaborit, Didier Lassagne, Cyrille Lorho et Xavier Thuret. Au total, <strong>notre beau pays compte 22<\/strong> <a href=\"https:\/\/les-alpages.fr\/culture-fromage\/meilleur-ouvrier-de-france-quest-ce-que-cest\/\">Meilleurs Ouvriers de France Fromagerie.<\/a> Vous vous demandez pourquoi si peu ? Et bien tout simplement parce que<strong> la\u00a0Classe Fromager \/ Fromag\u00e8re\u00a0n&rsquo;existe que depuis 2000 !<\/strong><\/p>\n<p><!-- \/wp:paragraph --><!-- wp:paragraph --><\/p>\n<p>En plus de leurs titres prestigieux de MOF, <strong>Rodolphe et Bernard cumulent \u00e9galement d&rsquo;autres distinctions<\/strong> : ils sont respectivement Meilleur Fromager International et Champion du Monde des Fromagers ! De vraies b\u00eates de concours passionn\u00e9es par leur m\u00e9tier et l&rsquo;envie de le faire rayonner.<\/p>\n<p><!-- \/wp:paragraph --><!-- wp:paragraph --><\/p>\n<p>En plus de cela, Bernard Mure-Ravaud accueille et forme dans sa fromagerie Alexandre Gayet : il est <strong>le plus jeune \u00ab\u00a0Meilleur Apprenti\u00a0de France\u00a0\u00bb<\/strong> depuis la cr\u00e9ation du concours MAF en 1985. Alexandre a obtenu ce titre en 2019 et n&rsquo;a pas fini de nous \u00e9blouir&#8230;<\/p>\t\t\t\t\t\t\t\t<\/div>\n\t\t\t\t<\/div>\n\t\t\t\t\t<\/div>\n\t\t<\/div>\n\t\t\t\t<div class=\"elementor-column elementor-col-50 elementor-inner-column elementor-element elementor-element-d1f7b5d\" data-id=\"d1f7b5d\" data-element_type=\"column\" data-e-type=\"column\">\n\t\t\t<div class=\"elementor-widget-wrap elementor-element-populated\">\n\t\t\t\t\t\t<div class=\"elementor-element elementor-element-00b182d elementor-widget elementor-widget-image\" data-id=\"00b182d\" data-element_type=\"widget\" data-e-type=\"widget\" data-widget_type=\"image.default\">\n\t\t\t\t<div class=\"elementor-widget-container\">\n\t\t\t\t\t\t\t\t\t\t\t\t<figure class=\"wp-caption\">\n\t\t\t\t\t\t\t\t\t\t<img loading=\"lazy\" decoding=\"async\" width=\"768\" height=\"768\" src=\"https:\/\/static.laboxfromage.fr\/wp-content\/uploads\/2021\/06\/23122551\/meilleur-ouvrier-de-france_MAF-768x768.jpeg\" class=\"attachment-medium_large size-medium_large wp-image-26345\" alt=\"meilleur-ouvrier-de-france\" srcset=\"https:\/\/static.laboxfromage.fr\/wp-content\/uploads\/2021\/06\/23122551\/meilleur-ouvrier-de-france_MAF-768x768.jpeg 768w, https:\/\/static.laboxfromage.fr\/wp-content\/uploads\/2021\/06\/23122551\/meilleur-ouvrier-de-france_MAF-300x300.jpeg 300w, https:\/\/static.laboxfromage.fr\/wp-content\/uploads\/2021\/06\/23122551\/meilleur-ouvrier-de-france_MAF-150x150.jpeg 150w, https:\/\/static.laboxfromage.fr\/wp-content\/uploads\/2021\/06\/23122551\/meilleur-ouvrier-de-france_MAF.jpeg 998w\" sizes=\"(max-width: 768px) 100vw, 768px\" \/>\t\t\t\t\t\t\t\t\t\t\t<figcaption class=\"widget-image-caption wp-caption-text\">Alexandre Gayet aux c\u00f4t\u00e9s de Renaud et Bernard Mure-Ravaud<\/figcaption>\n\t\t\t\t\t\t\t\t\t\t<\/figure>\n\t\t\t\t\t\t\t\t\t<\/div>\n\t\t\t\t<\/div>\n\t\t\t\t\t<\/div>\n\t\t<\/div>\n\t\t\t\t\t<\/div>\n\t\t<\/section>\n\t\t\t\t<div class=\"elementor-element elementor-element-9632976 elementor-widget elementor-widget-spacer\" data-id=\"9632976\" data-element_type=\"widget\" data-e-type=\"widget\" data-widget_type=\"spacer.default\">\n\t\t\t\t<div class=\"elementor-widget-container\">\n\t\t\t\t\t\t\t<div class=\"elementor-spacer\">\n\t\t\t<div class=\"elementor-spacer-inner\"><\/div>\n\t\t<\/div>\n\t\t\t\t\t\t<\/div>\n\t\t\t\t<\/div>\n\t\t\t\t<div class=\"elementor-element elementor-element-c715334 elementor-widget elementor-widget-heading\" data-id=\"c715334\" data-element_type=\"widget\" data-e-type=\"widget\" data-widget_type=\"heading.default\">\n\t\t\t\t<div class=\"elementor-widget-container\">\n\t\t\t\t\t<h3 class=\"elementor-heading-title elementor-size-default\">D\u00e9roul\u00e9 de l'\u00e9preuve MOF fromagerie<\/h3>\t\t\t\t<\/div>\n\t\t\t\t<\/div>\n\t\t\t\t<div class=\"elementor-element elementor-element-50696dd elementor-widget elementor-widget-text-editor\" data-id=\"50696dd\" data-element_type=\"widget\" data-e-type=\"widget\" data-widget_type=\"text-editor.default\">\n\t\t\t\t<div class=\"elementor-widget-container\">\n\t\t\t\t\t\t\t\t\t<p>Le programme est donc pr\u00e9sent\u00e9 aux candidats 2 ans \u00e0 l&rsquo;avance, et <strong>se d\u00e9roule en 2 \u00e9tapes<\/strong>. La premi\u00e8re se concentre sur <strong>la pratique et le th\u00e9orique<\/strong>, afin d&rsquo;\u00e9valuer les connaissances et le savoir-faire professionnel inh\u00e9rent au m\u00e9tier de fromager. Sont donc scrut\u00e9es au microscope les connaissances sur :<\/p>\t\t\t\t\t\t\t\t<\/div>\n\t\t\t\t<\/div>\n\t\t\t\t<section class=\"elementor-section elementor-inner-section elementor-element elementor-element-294c08b elementor-section-boxed elementor-section-height-default elementor-section-height-default\" data-id=\"294c08b\" data-element_type=\"section\" data-e-type=\"section\">\n\t\t\t\t\t\t<div class=\"elementor-container elementor-column-gap-default\">\n\t\t\t\t\t<div class=\"elementor-column elementor-col-50 elementor-inner-column elementor-element elementor-element-291f023\" data-id=\"291f023\" data-element_type=\"column\" data-e-type=\"column\">\n\t\t\t<div class=\"elementor-widget-wrap elementor-element-populated\">\n\t\t\t\t\t\t<div class=\"elementor-element elementor-element-f863ad5 elementor-widget elementor-widget-text-editor\" data-id=\"f863ad5\" data-element_type=\"widget\" data-e-type=\"widget\" data-widget_type=\"text-editor.default\">\n\t\t\t\t<div class=\"elementor-widget-container\">\n\t\t\t\t\t\t\t\t\t<p><!-- \/wp:paragraph --><!-- wp:list {\"ordered\":true} --><\/p>\n<ol>\n<li>la culture fromag\u00e8re en g\u00e9n\u00e9ral<\/li>\n<li>l<span style=\"font-family: -apple-system, BlinkMacSystemFont, 'Segoe UI', Roboto, Oxygen-Sans, Ubuntu, Cantarell, 'Helvetica Neue', sans-serif;\">a technologie fromag\u00e8re<\/span><\/li>\n<li>les produits laitiers de fa\u00e7on globale<\/li>\n<li>l&rsquo;organoleptique (via une d\u00e9gustation \u00e0 l\u2019aveugle)<\/li>\n<li>la connaissance du terroir<\/li>\n<li>les Appellations d\u2019Origine Prot\u00e9g\u00e9e<\/li>\n<li>l&rsquo;affinage<\/li>\n<li>la l\u00e9gislation<\/li>\n<li>la gestion d\u2019un budget pour une prestation<\/li>\n<\/ol>\n<p>Ensuite, chaque candidat pr\u00e9sente une oeuvre \u00ab\u00a0remarquable\u00a0\u00bb qu&rsquo;il r\u00e9alise sous les yeux des jur\u00e9s, qui \u00e9tudient alors <strong>la dext\u00e9rit\u00e9<\/strong> dont il fait preuve, <strong>la cr\u00e9ativit\u00e9 artistique <\/strong>de son oeuvre et<strong> la qualit\u00e9 des produits<\/strong> utilis\u00e9s. Cette \u00e9preuve est assez libre dans le sens o\u00f9 l&rsquo;oeuvre remarquable ainsi pr\u00e9sent\u00e9e peut prendre n&rsquo;importe quelle forme, pourvu qu&rsquo;elle fasse figurer du fromage \u00e9videmment.<\/p>\n<p><!-- \/wp:paragraph --><!-- wp:paragraph --><\/p>\n<p>Benard Mure-Ravaud et Rodolphe Le Meunier ont en 2007 pr\u00e9sent\u00e9 leurs oeuvres respectives autour du th\u00e8me \u00ab\u00a0<strong>La Voie Lact\u00e9e<\/strong>\u00ab\u00a0. Les autres th\u00e8mes propos\u00e9s sur le concours furent \u00ab\u00a0Paysages fromagers d&rsquo;ici et d&rsquo;ailleurs\u00a0\u00bb en 2011 et \u00ab\u00a0Retour vers le futur\u00a0\u00bb en 2015.<\/p>\t\t\t\t\t\t\t\t<\/div>\n\t\t\t\t<\/div>\n\t\t\t\t\t<\/div>\n\t\t<\/div>\n\t\t\t\t<div class=\"elementor-column elementor-col-50 elementor-inner-column elementor-element elementor-element-ca6448f\" data-id=\"ca6448f\" data-element_type=\"column\" data-e-type=\"column\">\n\t\t\t<div class=\"elementor-widget-wrap elementor-element-populated\">\n\t\t\t\t\t\t<div class=\"elementor-element elementor-element-5c2371f elementor-widget elementor-widget-image\" data-id=\"5c2371f\" data-element_type=\"widget\" data-e-type=\"widget\" data-widget_type=\"image.default\">\n\t\t\t\t<div class=\"elementor-widget-container\">\n\t\t\t\t\t\t\t\t\t\t\t\t<figure class=\"wp-caption\">\n\t\t\t\t\t\t\t\t\t\t<img loading=\"lazy\" decoding=\"async\" width=\"449\" height=\"800\" src=\"https:\/\/static.laboxfromage.fr\/wp-content\/uploads\/2021\/06\/23122549\/meilleur-ouvrier-de-france_voie-lactee.jpeg\" class=\"attachment-large size-large wp-image-26357\" alt=\"meilleur-ouvrier-de-france\" srcset=\"https:\/\/static.laboxfromage.fr\/wp-content\/uploads\/2021\/06\/23122549\/meilleur-ouvrier-de-france_voie-lactee.jpeg 449w, https:\/\/static.laboxfromage.fr\/wp-content\/uploads\/2021\/06\/23122549\/meilleur-ouvrier-de-france_voie-lactee-168x300.jpeg 168w\" sizes=\"(max-width: 449px) 100vw, 449px\" \/>\t\t\t\t\t\t\t\t\t\t\t<figcaption class=\"widget-image-caption wp-caption-text\">L'oeuvre de Bernard Mure-Ravaud au concours des MOF fromagers<\/figcaption>\n\t\t\t\t\t\t\t\t\t\t<\/figure>\n\t\t\t\t\t\t\t\t\t<\/div>\n\t\t\t\t<\/div>\n\t\t\t\t\t<\/div>\n\t\t<\/div>\n\t\t\t\t\t<\/div>\n\t\t<\/section>\n\t\t\t\t<div class=\"elementor-element elementor-element-3f7c6ab elementor-widget elementor-widget-spacer\" data-id=\"3f7c6ab\" data-element_type=\"widget\" data-e-type=\"widget\" data-widget_type=\"spacer.default\">\n\t\t\t\t<div class=\"elementor-widget-container\">\n\t\t\t\t\t\t\t<div class=\"elementor-spacer\">\n\t\t\t<div class=\"elementor-spacer-inner\"><\/div>\n\t\t<\/div>\n\t\t\t\t\t\t<\/div>\n\t\t\t\t<\/div>\n\t\t\t\t<div class=\"elementor-element elementor-element-b60df87 elementor-widget elementor-widget-heading\" data-id=\"b60df87\" data-element_type=\"widget\" data-e-type=\"widget\" data-widget_type=\"heading.default\">\n\t\t\t\t<div class=\"elementor-widget-container\">\n\t\t\t\t\t<h2 class=\"elementor-heading-title elementor-size-default\">O\u00f9 sont les femmes MOF ?<\/h2>\t\t\t\t<\/div>\n\t\t\t\t<\/div>\n\t\t\t\t<div class=\"elementor-element elementor-element-f7b6905 elementor-widget elementor-widget-text-editor\" data-id=\"f7b6905\" data-element_type=\"widget\" data-e-type=\"widget\" data-widget_type=\"text-editor.default\">\n\t\t\t\t<div class=\"elementor-widget-container\">\n\t\t\t\t\t\t\t\t\t<p><strong>Les femmes repr\u00e9sentent seulement 15%<\/strong> des M.O.F. Mais depuis quelques ann\u00e9es, la 1<sup>\u00e8re<\/sup>\u00a0Vice-pr\u00e9sidente de la SNMOF <a href=\"https:\/\/www.meilleursouvriersdefrance.info\/blog\/livre-des-femmes-meilleurs-ouvriers-de-france-passion-et-excellence-26.aspx\">Jocelyne Caprile<\/a> s&rsquo;att\u00e8le \u00e0 rendre plus visible leur pr\u00e9sence et leur travail remarquable. Comme souvent, les femmes sont pr\u00e9sentes dans les corps de m\u00e9tiers repr\u00e9sent\u00e9s au concours mais paraissent moins visibles \u00e0 des niveaux tr\u00e8s haut. Le plafond de verre s\u00e9vit donc \u00e9galement dans l&rsquo;artisanat !<\/p>\n<p><!-- \/wp:paragraph --><!-- wp:paragraph --><\/p>\n<p>Ainsi, Myriam Boubram, <strong>la premi\u00e8re femme Meilleur Ouvrier de France Soudure <\/strong>fut sacr\u00e9e en 2019. Avant elle, <a href=\"https:\/\/fr.wikipedia.org\/wiki\/Andr%C3%A9e_Rosier\">Andr\u00e9e Rosier<\/a> fut\u00a0la premi\u00e8re Meilleure Ouvri\u00e8re de France Cuisine, titre qu&rsquo;elle obtint en 2007 (elle fut suivie en 2015 de Virginie Basselot). Parmi les MOF fromagers, une des classes avec le plus petit nombre de laur\u00e9ats, <strong>nous comptons avec fiert\u00e9 4 femmes : Marie Quatrehomme, Josiane Deal, Laetitia Gaborit et Christelle Lorho<\/strong>.<\/p>\t\t\t\t\t\t\t\t<\/div>\n\t\t\t\t<\/div>\n\t\t\t\t<div class=\"elementor-element elementor-element-e88626d elementor-widget elementor-widget-html\" data-id=\"e88626d\" data-element_type=\"widget\" data-e-type=\"widget\" data-widget_type=\"html.default\">\n\t\t\t\t<div class=\"elementor-widget-container\">\n\t\t\t\t\t<iframe width=\"560\" height=\"315\" src=\"\/\/embedftv-a.akamaihd.net\/dd1ec7f15f21b4e0e2b4a4c24e5a5e86\" frameborder=\"0\" scrolling=\"no\" allowfullscreen><\/iframe>\t\t\t\t<\/div>\n\t\t\t\t<\/div>\n\t\t\t\t\t<\/div>\n\t\t<\/div>\n\t\t\t\t\t<\/div>\n\t\t<\/section>\n\t\t\t\t<\/div>\n\t\t","protected":false},"excerpt":{"rendered":"<p>Paul Bocuse. Philippe Etchebest. Fr\u00e9d\u00e9ric Anton. Jo\u00ebl Robuchon. Patrick Roger. Des grands noms de la cuisine, qui ont un point commun : celui de faire partie du club des cols bleu-blanc-rouge. Ce surnom est d\u00fb au signe distinctif qu&rsquo;arbore sur son tablier chaque Meilleur Ouvrier de France, ces artisans fran\u00e7ais qui ont atteint l&rsquo;excellence. On [&hellip;]<\/p>\n","protected":false},"author":20,"featured_media":26385,"comment_status":"open","ping_status":"closed","sticky":false,"template":"","format":"standard","meta":{"_acf_changed":false,"_seopress_robots_primary_cat":"none","_seopress_titles_title":"Qu&#039;est-ce qu&#039;un Meilleur Ouvrier de France ?","_seopress_titles_desc":"Le concours des Meilleurs Ouvriers de France a lieu tous les 3 \u00e0 4 ans, et honore des professionnels parmi plus de 230 m\u00e9tiers repr\u00e9sent\u00e9s. ","_seopress_robots_index":"","footnotes":""},"categories":[3,891],"tags":[150,847,846],"class_list":["post-26324","post","type-post","status-publish","format-standard","has-post-thumbnail","hentry","category-types-fromage","category-homepage-site","tag-concours","tag-fromager","tag-mof"],"acf":[],"_links":{"self":[{"href":"https:\/\/laboxfromage.fr\/blog\/wp-json\/wp\/v2\/posts\/26324","targetHints":{"allow":["GET"]}}],"collection":[{"href":"https:\/\/laboxfromage.fr\/blog\/wp-json\/wp\/v2\/posts"}],"about":[{"href":"https:\/\/laboxfromage.fr\/blog\/wp-json\/wp\/v2\/types\/post"}],"author":[{"embeddable":true,"href":"https:\/\/laboxfromage.fr\/blog\/wp-json\/wp\/v2\/users\/20"}],"replies":[{"embeddable":true,"href":"https:\/\/laboxfromage.fr\/blog\/wp-json\/wp\/v2\/comments?post=26324"}],"version-history":[{"count":0,"href":"https:\/\/laboxfromage.fr\/blog\/wp-json\/wp\/v2\/posts\/26324\/revisions"}],"wp:featuredmedia":[{"embeddable":true,"href":"https:\/\/laboxfromage.fr\/blog\/wp-json\/wp\/v2\/media\/26385"}],"wp:attachment":[{"href":"https:\/\/laboxfromage.fr\/blog\/wp-json\/wp\/v2\/media?parent=26324"}],"wp:term":[{"taxonomy":"category","embeddable":true,"href":"https:\/\/laboxfromage.fr\/blog\/wp-json\/wp\/v2\/categories?post=26324"},{"taxonomy":"post_tag","embeddable":true,"href":"https:\/\/laboxfromage.fr\/blog\/wp-json\/wp\/v2\/tags?post=26324"}],"curies":[{"name":"wp","href":"https:\/\/api.w.org\/{rel}","templated":true}]}}