{"id":26966,"date":"2021-07-23T16:40:50","date_gmt":"2021-07-23T14:40:50","guid":{"rendered":"https:\/\/laboxfromage.fr\/blog\/?p=26966"},"modified":"2021-07-23T16:40:50","modified_gmt":"2021-07-23T14:40:50","slug":"fromagerie-fruitiere-laiterie-cremerie","status":"publish","type":"post","link":"https:\/\/laboxfromage.fr\/blog\/fromagerie-fruitiere-laiterie-cremerie\/","title":{"rendered":"Fromagerie, fruiti\u00e8re, laiterie, cr\u00e8merie : focus sur ces fabriques \u00e0 tr\u00e9sors lact\u00e9s"},"content":{"rendered":"\n<p>Si la d\u00e9finition d\u2019une fromagerie se partage de fa\u00e7on assez limpide entre le lieu de fabrication du fromage et son lieu de vente, les notions de fruiti\u00e8res, laiteries et cr\u00e8merie peuvent, elles, s\u2019av\u00e9rer plus difficiles \u00e0 cerner. D\u00e9couvrons ensemble l\u2019histoire, le r\u00f4le et le fonctionnement de ces hauts lieux d\u00e9di\u00e9s \u00e0 la fabrication du fromage et d\u2019autres produits laitiers incontournables.<\/p>\n\n\n\n<!--more-->\n\n\n\n<h2 class=\"wp-block-heading\">La fruiti\u00e8re, une fromagerie coop\u00e9rative<\/h2>\n\n\n\n<p>Spontan\u00e9ment, on pourrait penser que le terme \u201cfruiti\u00e8re\u201d fait partie de ces mots dont l\u2019orthographe ou le sens aurait gliss\u00e9 jusqu\u2019\u00e0 ne plus avoir de rapport avec sa d\u00e9finition premi\u00e8re&#8230; Or, <strong>il n\u2019en est rien<\/strong> !<\/p>\n\n\n\n<p>En effet, les fruiti\u00e8res ont toujours eu (et ont toujours !) pour objectif premier de faire <strong>\u201cfructifier\u201d<\/strong> le travail des \u00e9leveurs en leur permettant de mettre en commun le lait de la traite du jour. <strong>Le but est de pouvoir produire de beaux et gros fromages traditionnels<\/strong> particuli\u00e8rement adapt\u00e9s \u00e0 l\u2019affinage et la conservation longue dur\u00e9e.<\/p>\n\n\n\n<p>Sans cette mutualisation des traites du jour effectu\u00e9es dans l\u2019aire g\u00e9ographique entourant la fruiti\u00e8re, la production de fromages de tr\u00e8s grande taille ne serait pas possible. <strong>Le comt\u00e9, dont 400 litres de lait frais non pasteuris\u00e9 sont n\u00e9cessaires pour la production d\u2019une seule meule, est le plus criant exemple de l\u2019int\u00e9r\u00eat de cette collecte group\u00e9e !<\/strong><\/p>\n\n\n\n<figure class=\"wp-block-pullquote\" style=\"border-color:#557093\"><blockquote class=\"has-text-color\" style=\"color:#557093\"><p>Sachant qu\u2019une meule de comt\u00e9 requiert 400 litres de lait frais de vache pour un poids fini de 40 kg environ, l\u2019union des paysans en fruiti\u00e8re s\u2019av\u00e8re indispensable \u00e0 sa production.<\/p><\/blockquote><\/figure>\n\n\n\n<p>A la diff\u00e9rence de la fromagerie o\u00f9 l\u2019on va produire et\/ou vendre du fromage (de sa propre production ou non), <strong>la fruiti\u00e8re est ainsi un lieu de mutualisation, de fabrication et de vente de grands fromages traditionnels.<\/strong> Sans l\u2019interm\u00e9diaire des fruiti\u00e8res, le <strong>\u201cfruit\u201d<\/strong> du travail des paysans ne pourrait pas aboutir \u00e0 ces \u00e9normes meules aux saveurs exquises, aujourd\u2019hui encore.<\/p>\n\n\n\n<p>Les fruiti\u00e8res sont essentiellement localis\u00e9es dans les Alpes qui les ont vu na\u00eetre <strong>au 13 \u00e8me si\u00e8cle<\/strong>, plus particuli\u00e8rement dans le Jura, les Vosges, la Savoie et m\u00eame jusqu\u2019en Suisse. <strong>Le comt\u00e9, le <a href=\"https:\/\/laboxfromage.fr\/blog\/beaufort-aop-le-roi-des-alpages\/\" data-type=\"post\" data-id=\"18785\">beaufort<\/a>, le <a href=\"https:\/\/laboxfromage.fr\/blog\/morbier-aop-fromage-cendre-du-jura\/\" data-type=\"post\" data-id=\"13065\">morbier<\/a> et le <a href=\"https:\/\/laboxfromage.fr\/blog\/la-difference-entre-gruyere-emmental-francais-et-suisse\/\" data-type=\"post\" data-id=\"17014\">gruy\u00e8re suisse<\/a><\/strong> sont les quatre fromages les plus fameux produits en fruiti\u00e8res.<\/p>\n\n\n\n<div style=\"height:17px\" aria-hidden=\"true\" class=\"wp-block-spacer\"><\/div>\n\n\n\n<h2 class=\"wp-block-heading\">Laiteries et \u00e8re industrielle<\/h2>\n\n\n\n<div class=\"wp-block-image is-style-rounded\"><figure class=\"alignright size-large is-resized\"><img decoding=\"async\" src=\"https:\/\/static.laboxfromage.fr\/wp-content\/uploads\/2021\/07\/23162257\/fromagerie-bouteille-lait.jpg\" alt=\"\" class=\"wp-image-26989\" width=\"167\" height=\"167\" srcset=\"https:\/\/static.laboxfromage.fr\/wp-content\/uploads\/2021\/07\/23162257\/fromagerie-bouteille-lait.jpg 800w, https:\/\/static.laboxfromage.fr\/wp-content\/uploads\/2021\/07\/23162257\/fromagerie-bouteille-lait-300x300.jpg 300w, https:\/\/static.laboxfromage.fr\/wp-content\/uploads\/2021\/07\/23162257\/fromagerie-bouteille-lait-150x150.jpg 150w, https:\/\/static.laboxfromage.fr\/wp-content\/uploads\/2021\/07\/23162257\/fromagerie-bouteille-lait-768x768.jpg 768w\" sizes=\"(max-width: 167px) 100vw, 167px\" \/><\/figure><\/div>\n\n\n\n<p>Contrairement aux fruiti\u00e8res, les laiteries sont <strong>beaucoup plus r\u00e9centes<\/strong> dans l\u2019Histoire du fromage. <strong>Contemporaines de l\u2019\u00e8re industrielle, elles t\u00e9moignent des enjeux de leur \u00e9poque.<\/strong> Alors que les premi\u00e8res fruiti\u00e8res sont apparues il y a pr\u00e8s de 800 ans, les laiteries ont elles \u00e9t\u00e9 d\u00e9velopp\u00e9es il y a \u00e0 peine 200 ans en vue de garantir <strong>un meilleur niveau d\u2019hygi\u00e8ne et d\u2019accro\u00eetre la rentabilit\u00e9 <\/strong>dans un contexte d\u2019essor de l\u2019industrie laiti\u00e8re.<\/p>\n\n\n\n<p>Aujourd\u2019hui, la laiterie est un lieu de mise en commun des laits crus achet\u00e9s aux producteurs. <strong>On y effectue une v\u00e9ritable \u201cmise aux normes\u201d<\/strong> de ces laits par la microfiltration, la pasteurisation ou encore son empaquetage. La laiterie a \u00e9galement pour r\u00f4le de <strong>revendre ce lait \u201cstandardis\u00e9\u201d<\/strong> \u00e0 des entreprises productrices de fromages ou de produits d\u00e9riv\u00e9s.<\/p>\n\n\n\n<figure class=\"wp-block-pullquote\" style=\"border-color:#557093\"><blockquote class=\"has-text-color\" style=\"color:#557093\"><p>On d\u00e9signe \u00e9galement par \u201claiterie\u201d la zone fra\u00eeche d\u2019une ferme d\u00e9di\u00e9e au stockage du lait de la traite du jour en attendant sa transformation. Pour la production de fromages fermiers uniquement !<\/p><\/blockquote><\/figure>\n\n\n\n<div style=\"height:20px\" aria-hidden=\"true\" class=\"wp-block-spacer\"><\/div>\n\n\n\n<h2 class=\"wp-block-heading\">Les cr\u00e8meries du 19\u00e8me o\u00f9 \u201cl\u2019on y vend de tout sauf de la cr\u00e8me\u201d !<\/h2>\n\n\n\n<div class=\"wp-block-image\"><figure class=\"alignright size-large is-resized\"><img fetchpriority=\"high\" decoding=\"async\" src=\"https:\/\/static.laboxfromage.fr\/wp-content\/uploads\/2021\/07\/23160147\/cre%CC%80merie-fromagerie.png\" alt=\"fromagerie\" class=\"wp-image-26979\" width=\"340\" height=\"500\" srcset=\"https:\/\/static.laboxfromage.fr\/wp-content\/uploads\/2021\/07\/23160147\/cre%CC%80merie-fromagerie.png 657w, https:\/\/static.laboxfromage.fr\/wp-content\/uploads\/2021\/07\/23160147\/cre%CC%80merie-fromagerie-204x300.png 204w\" sizes=\"(max-width: 340px) 100vw, 340px\" \/><figcaption>Une cr\u00e8merie parisienne au 19\u00e8me si\u00e8cle &#8211; M. de Haenen<\/figcaption><\/figure><\/div>\n\n\n\n<p>S\u2019il est vrai que la d\u00e9finition<em> stricto sensu<\/em> d\u2019une cr\u00e8merie est celle d\u2019<strong>un \u00e9tablissement o\u00f9 l\u2019on laisse le lait cr\u00e9mer et o\u00f9 l\u2019on vend du lait, du fromage, des \u0153ufs et de la cr\u00e8me, il n\u2019en a pas toujours \u00e9t\u00e9 d\u2019un tel usage dans l\u2019Histoire.<\/strong> Ainsi, dans la seconde moiti\u00e9 du 19\u00e8me si\u00e8cle, \u201caller \u00e0 la cr\u00e8merie\u201d avait un tout autre sens dans les milieux populaires !<\/p>\n\n\n\n<p>Paris, milieu du 19 \u00e8me si\u00e8cle. Les cr\u00e8meries se diversifient en <strong>\u00e9toffant leurs services \u00e0 de la petite restauration<\/strong>. Particuli\u00e8rement abordable, leur offre gravite autour de plats et produits simples et conquiert sans difficult\u00e9 un public modeste fait d\u2019\u00e9tudiants et d\u2019ouvriers. Ce <em>fast-food<\/em> de l\u2019\u00e9poque s\u2019installe peu \u00e0 peu \u00e0 la vol\u00e9e dans ces lieux anciennement d\u00e9di\u00e9s \u00e0 la fabrication et au commerce du produits laitiers.<\/p>\n\n\n\n<blockquote class=\"wp-block-quote is-layout-flow wp-block-quote-is-layout-flow\"><p>\u00ab Depuis quelques ann\u00e9es on a d\u00e9sign\u00e9 sous le nom de <em>cr\u00e9meries<\/em> certains \u00e9tablissements tenant le milieu entre le <em>restaurant<\/em> et le <em>caf\u00e9<\/em>, et o\u00f9 l&rsquo;on vend de tout except\u00e9 de la cr\u00e8me, esp\u00e8ce de gargote d&rsquo;un aspect particulier, o\u00f9 le riz au lait, le caf\u00e9 \u00e0 la <em>cr\u00e8me<\/em> (!), le chocolat, la c\u00f4telette et les \u0153ufs sur le plat r\u00e8gnent \u00e0 peu pr\u00e8s souverainement. L&rsquo;\u00e9talage d&rsquo;une <em>cr\u00e9merie<\/em> est des plus simples. Il se compose invariablement d&rsquo;une jatte de riz, d&rsquo;une demi-douzaine de c\u00f4telettes de fantaisie, de pruneaux douteux, noy\u00e9s dans du cirage, d&rsquo;une boite de sardines vide et de mouches.\u201d<\/p><cite>Pierre Larousse, \u00ab Cr\u00e9merie \u00bb- <em>Grand dictionnaire universel du 19<sup>e<\/sup> si\u00e8cle<\/em>, 1869<\/cite><\/blockquote>\n\n\n\n<div style=\"height:1px\" aria-hidden=\"true\" class=\"wp-block-spacer\"><\/div>\n\n\n\n<p>Ce concept de <strong>caf\u00e9s-restaurants populaires<\/strong> et d\u2019un nouveau genre en pleine \u00e8re industrielle est adopt\u00e9 par de nombreuses cr\u00e8meries de la capitale. <strong>La faible diversit\u00e9 des mets et boissons que l\u2019on pouvait y consommer associ\u00e9e \u00e0 l\u2019\u00e9tat parfois douteux de cette pitance <em>low coast<\/em>, avait donn\u00e9 l\u2019habitude aux clients de r\u00e9guli\u00e8rement \u201cchanger de cr\u00e8merie\u201d ! <\/strong>Cette expression, encore d\u2019usage aujourd\u2019hui, provient bien de cette \u00e9poque !<\/p>\n\n\n\n<div style=\"height:20px\" aria-hidden=\"true\" class=\"wp-block-spacer\"><\/div>\n\n\n\n<h2 class=\"wp-block-heading\">Les meilleures fromageries<\/h2>\n\n\n\n<p>Vous voil\u00e0 d\u00e9sormais au fait de tous les types d\u2019\u00e9tablissements qui gravitent autour de la fabrication du fromage et de ses produits d\u00e9riv\u00e9s. Tout ceci vous a bien mis en app\u00e9tit n\u2019est-ce pas ? Ce serait un sacril\u00e8ge de ne pas s\u2019int\u00e9resser aux endroits o\u00f9 trouver les meilleurs fromages en France !<\/p>\n\n\n\n<p>Pour cela, nous avons pouss\u00e9 la porte des fromageries des Meilleurs Ouvriers de France. Car qui mieux plac\u00e9 que ces artisans au col bleu-blanc-rouge pour vous faire d\u00e9guster une large gamme de fromages d&rsquo;exception ? Voici o\u00f9 les trouver, par d\u00e9partement :<\/p>\n\n\n\n<ul class=\"wp-block-list\"><li>(30) NIMES : <a href=\"https:\/\/fromagerie-vergne.fr\/\">Fromagerie Vergne<\/a> &#8211; Vincent Vergne<\/li><li>(31) TOULOUSE : <a href=\"https:\/\/xavier.fr\/\">Fromagerie Xavier<\/a> &#8211; Fran\u00e7ois Bourgon<\/li><li>(37) TOURS : <a href=\"http:\/\/www.rodolphelemeunier.fr\/\">Fromagerie Rodolphe Le Meunier<\/a> &#8211; Rodolphe Le Meunier<\/li><li>(38) GRENOBLE&nbsp;: <a href=\"https:\/\/les-alpages.fr\/\">Fromagerie des Alpages<\/a> &#8211; Bernard Mure-Ravaud<\/li><li>(39) CHAMPAGNOL : <a href=\"http:\/\/fromagerie-janin.com\">Fromagerie Janin<\/a> &#8211; Marc Janin<\/li><li>(42) SAINT HAON LE CH\u00c2TEL : <a href=\"https:\/\/www.mons-fromages.com\/\">Mons fromager affineur<\/a> &#8211; Herv\u00e9 Mons<\/li><li>(64) BEARN : Laetitia Gaborit, consultante en fromages. Suivez <a href=\"https:\/\/www.instagram.com\/gaboritlaetitia\/\">son actualit\u00e9<\/a> pour d\u00e9couvrir ses collaborations.<\/li><li>MARCH\u00c9S DU SUD OUEST : <a href=\"https:\/\/www.fromage-napoleon.com\/\" target=\"_blank\" rel=\"noreferrer noopener\">Les fromagers du Mont Royal<\/a> &#8211; Dominique Bouchait<\/li><li>(67) STRASBOURG : <a rel=\"noreferrer noopener\" href=\"https:\/\/www.maison-lorho.fr\/\" target=\"_blank\">Maison Lorho<\/a> &#8211; Christelle et Cyrille Lorho<\/li><li>(69) LYON : <a href=\"https:\/\/janier.fr\/\">Les caves Janier<\/a> &#8211; Christian Janier<\/li><li>(74) POISY : <a rel=\"noreferrer noopener\" href=\"https:\/\/www.cremeriedesmarches.fr\/\" target=\"_blank\">La cr\u00e8merie des march\u00e9s<\/a> &#8211; Jacques Dubouloz<\/li><li>(74) ANNECY : <a href=\"https:\/\/pierre-gay.business.site\/\">Fromagerie Pierre Gay<\/a> &#8211; Pierre Gay<\/li><li>(75) PARIS<ul><li><a rel=\"noreferrer noopener\" href=\"http:\/\/www.fromageslaurentdubois.fr\/fr\/\" target=\"_blank\">Fromagerie Laurent Dubois<\/a> &#8211; Laurent Dubois<\/li><li><a rel=\"noreferrer noopener\" href=\"https:\/\/www.quatrehomme.fr\/\" target=\"_blank\">Quatrehomme, la maison du fromage<\/a> &#8211; Marie Quatrehomme<\/li><li><a rel=\"noreferrer noopener\" href=\"https:\/\/www.mofparis.com\/eric-lefebvre\/\" target=\"_blank\">Fromagerie de Paris<\/a> &#8211; Eric Lefebvre<\/li><\/ul><\/li><li>(78) RAMBOUILLET : <a rel=\"noreferrer noopener\" href=\"http:\/\/www.toutunfromage.com\" target=\"_blank\">Tout un fromage<\/a> &#8211; Ludovic Bisot<\/li><li>(78) VERSAILLES : <a href=\"https:\/\/www.michelfouchereaufromager.fr\/\">fromagerie Michel Fouchereau<\/a> &#8211; Michel Fouchereau<\/li><li>(84) VAISON LA ROMAINE : <a rel=\"noreferrer noopener\" href=\"https:\/\/loucanesteou.com\/\" target=\"_blank\">Lou Canesteou<\/a> &#8211; Josiane D\u00e9al<\/li><\/ul>\n\n\n\n<hr class=\"wp-block-separator is-style-dots\"\/>\n\n\n\n<p>Vous souhaitez go\u00fbter aux talents d\u2019un MOF fromager mais aucun d\u2019entre eux n\u2019officie pr\u00e8s de chez vous ? Pas de panique ! La Box Fromage exp\u00e9die chez vous les s\u00e9lections de deux meilleurs ouvriers de France list\u00e9s ci-dessus : <a href=\"https:\/\/laboxfromage.fr\/blog\/bernard-mure-ravaud\/\" data-type=\"post\" data-id=\"14047\">Bernard Mure-Ravaud<\/a> et <a href=\"https:\/\/laboxfromage.fr\/blog\/rodolphe-le-meunier-rejoint-la-box-fromage\/\" data-type=\"post\" data-id=\"25806\">Rodolphe Le Meunier<\/a>. <strong>Pour vous faire plaisir, servir \u00e0 vos convives un plateau de fromages d\u2019exception ou g\u00e2ter un proche avec des fromages s\u00e9lectionn\u00e9s d\u2019une main de ma\u00eetre, rendez-vous sur notre site !<\/strong><\/p>\n\n\n\n<figure class=\"wp-block-gallery columns-4 is-cropped wp-block-gallery-1 is-layout-flex wp-block-gallery-is-layout-flex\"><ul class=\"blocks-gallery-grid\"><li class=\"blocks-gallery-item\"><figure><img decoding=\"async\" width=\"683\" height=\"1024\" src=\"https:\/\/static.laboxfromage.fr\/wp-content\/uploads\/2021\/07\/23163955\/fromagerie-RLM-atelier-683x1024.jpg\" alt=\"fromagerie\" data-id=\"26996\" data-full-url=\"https:\/\/static.laboxfromage.fr\/wp-content\/uploads\/2021\/07\/23163955\/fromagerie-RLM-atelier.jpg\" data-link=\"https:\/\/laboxfromage.fr\/blog\/fromagerie-fruitiere-laiterie-cremerie\/reportage-rodolphe-le-meunier-pour-la-box-fromage-8\/\" class=\"wp-image-26996\" srcset=\"https:\/\/static.laboxfromage.fr\/wp-content\/uploads\/2021\/07\/23163955\/fromagerie-RLM-atelier-683x1024.jpg 683w, https:\/\/static.laboxfromage.fr\/wp-content\/uploads\/2021\/07\/23163955\/fromagerie-RLM-atelier-200x300.jpg 200w, https:\/\/static.laboxfromage.fr\/wp-content\/uploads\/2021\/07\/23163955\/fromagerie-RLM-atelier-768x1152.jpg 768w, https:\/\/static.laboxfromage.fr\/wp-content\/uploads\/2021\/07\/23163955\/fromagerie-RLM-atelier.jpg 800w\" sizes=\"(max-width: 683px) 100vw, 683px\" \/><\/figure><\/li><li class=\"blocks-gallery-item\"><figure><img loading=\"lazy\" decoding=\"async\" width=\"683\" height=\"1024\" src=\"https:\/\/static.laboxfromage.fr\/wp-content\/uploads\/2021\/07\/23163526\/fromagerie-rlm1-683x1024.jpg\" alt=\"fromagerie\" data-id=\"26994\" data-full-url=\"https:\/\/static.laboxfromage.fr\/wp-content\/uploads\/2021\/07\/23163526\/fromagerie-rlm1.jpg\" data-link=\"https:\/\/laboxfromage.fr\/blog\/fromagerie-fruitiere-laiterie-cremerie\/reportage-rodolphe-le-meunier-pour-la-box-fromage-7\/\" class=\"wp-image-26994\" srcset=\"https:\/\/static.laboxfromage.fr\/wp-content\/uploads\/2021\/07\/23163526\/fromagerie-rlm1-683x1024.jpg 683w, https:\/\/static.laboxfromage.fr\/wp-content\/uploads\/2021\/07\/23163526\/fromagerie-rlm1-200x300.jpg 200w, https:\/\/static.laboxfromage.fr\/wp-content\/uploads\/2021\/07\/23163526\/fromagerie-rlm1-768x1152.jpg 768w, https:\/\/static.laboxfromage.fr\/wp-content\/uploads\/2021\/07\/23163526\/fromagerie-rlm1.jpg 800w\" sizes=\"(max-width: 683px) 100vw, 683px\" \/><\/figure><\/li><li class=\"blocks-gallery-item\"><figure><img loading=\"lazy\" decoding=\"async\" width=\"747\" height=\"1024\" src=\"https:\/\/static.laboxfromage.fr\/wp-content\/uploads\/2021\/07\/23165045\/bernard-fromagerie-from-747x1024.jpg\" alt=\"fromagerie\" data-id=\"27004\" data-full-url=\"https:\/\/static.laboxfromage.fr\/wp-content\/uploads\/2021\/07\/23165045\/bernard-fromagerie-from.jpg\" data-link=\"https:\/\/laboxfromage.fr\/blog\/fromagerie-fruitiere-laiterie-cremerie\/bernard-fromagerie-from\/\" class=\"wp-image-27004\" srcset=\"https:\/\/static.laboxfromage.fr\/wp-content\/uploads\/2021\/07\/23165045\/bernard-fromagerie-from-747x1024.jpg 747w, https:\/\/static.laboxfromage.fr\/wp-content\/uploads\/2021\/07\/23165045\/bernard-fromagerie-from-219x300.jpg 219w, https:\/\/static.laboxfromage.fr\/wp-content\/uploads\/2021\/07\/23165045\/bernard-fromagerie-from-768x1053.jpg 768w, https:\/\/static.laboxfromage.fr\/wp-content\/uploads\/2021\/07\/23165045\/bernard-fromagerie-from.jpg 788w\" sizes=\"(max-width: 747px) 100vw, 747px\" \/><\/figure><\/li><li class=\"blocks-gallery-item\"><figure><img decoding=\"async\" src=\"https:\/\/static.laboxfromage.fr\/wp-content\/uploads\/2021\/07\/23163500\/fromagerie-de%CC%81coupe.jpg\" alt=\"fromagerie\" data-id=\"26992\" data-full-url=\"https:\/\/static.laboxfromage.fr\/wp-content\/uploads\/2021\/07\/23163500\/fromagerie-de%CC%81coupe.jpg\" data-link=\"https:\/\/laboxfromage.fr\/blog\/fromagerie-fruitiere-laiterie-cremerie\/fromagerie-decoupe\/\" class=\"wp-image-26992\"\/><\/figure><\/li><\/ul><figcaption class=\"blocks-gallery-caption\">Rodolphe Le Meunier et Bernard Mure-Ravaud, nos Meilleurs Ouvriers de France.<\/figcaption><\/figure>\n\n\n\n<div style=\"height:29px\" aria-hidden=\"true\" class=\"wp-block-spacer\"><\/div>\n\n\n\n<div class=\"wp-block-buttons is-content-justification-center is-layout-flex wp-block-buttons-is-layout-flex\">\n<div class=\"wp-block-button\"><a class=\"wp-block-button__link has-background\" href=\"https:\/\/bit.ly\/3vvOelk\" style=\"background-color:#d8947b\" target=\"_blank\" rel=\"noreferrer noopener\">LES MEILLEURES FROMAGERIES FRAN\u00c7AISES LIVR\u00c9ES CHEZ MOI<\/a><\/div>\n<\/div>\n\n\n\n<hr class=\"wp-block-separator is-style-wide\"\/>\n\n\n\n<h4 class=\"wp-block-heading\">Pour aller plus loin&#8230;<\/h4>\n\n\n\n<p>Affinez vos connaissances en cas\u00e9ologie : <\/p>\n\n\n\n<ul class=\"wp-block-list\"><li><a href=\"https:\/\/laboxfromage.fr\/blog\/fromages-aop-aoc-igp\/\" data-type=\"post\" data-id=\"14409\">Les labels fromagers<\/a><\/li><li><a href=\"https:\/\/laboxfromage.fr\/blog\/fromage-de-france-la-liste-par-region\/\" data-type=\"post\" data-id=\"26629\">La liste des fromages de France<\/a><\/li><li><a href=\"https:\/\/laboxfromage.fr\/blog\/fromage-fermier\/\" data-type=\"post\" data-id=\"14686\">Les fromages fermiers<\/a><\/li><li><a href=\"https:\/\/laboxfromage.fr\/blog\/fromage-lait-cru-ou-pasteurise\/\" data-type=\"post\" data-id=\"12843\">Lait cru ou pasteuris\u00e9 ?<\/a><\/li><\/ul>\n\n\n\n<p><\/p>\n","protected":false},"excerpt":{"rendered":"<p>Si la d\u00e9finition d\u2019une fromagerie se partage de fa\u00e7on assez limpide entre le lieu de fabrication du fromage et son lieu de vente, les notions de fruiti\u00e8res, laiteries et cr\u00e8merie peuvent, elles, s\u2019av\u00e9rer plus difficiles \u00e0 cerner. D\u00e9couvrons ensemble l\u2019histoire, le r\u00f4le et le fonctionnement de ces hauts lieux d\u00e9di\u00e9s \u00e0 la fabrication du fromage [&hellip;]<\/p>\n","protected":false},"author":13,"featured_media":26977,"comment_status":"open","ping_status":"closed","sticky":false,"template":"","format":"standard","meta":{"_acf_changed":false,"_seopress_robots_primary_cat":"none","_seopress_titles_title":"Fromagerie, fruiti\u00e8re, laiterie, cr\u00e8merie : focus sur ces fabriques \u00e0 tr\u00e9sors lact\u00e9s","_seopress_titles_desc":"D\u00e9couvrons ensemble l\u2019histoire, le r\u00f4le et le fonctionnement des fromageries, fruiti\u00e8res, cr\u00e8meries et laiteries.","_seopress_robots_index":"","footnotes":""},"categories":[779,780],"tags":[854,770,852,853],"class_list":["post-26966","post","type-post","status-publish","format-standard","has-post-thumbnail","hentry","category-actualite-fromagere","category-conseils-en-caseologie","tag-cremerie","tag-fromagerie","tag-fruitiere","tag-laiterie"],"acf":[],"_links":{"self":[{"href":"https:\/\/laboxfromage.fr\/blog\/wp-json\/wp\/v2\/posts\/26966","targetHints":{"allow":["GET"]}}],"collection":[{"href":"https:\/\/laboxfromage.fr\/blog\/wp-json\/wp\/v2\/posts"}],"about":[{"href":"https:\/\/laboxfromage.fr\/blog\/wp-json\/wp\/v2\/types\/post"}],"author":[{"embeddable":true,"href":"https:\/\/laboxfromage.fr\/blog\/wp-json\/wp\/v2\/users\/13"}],"replies":[{"embeddable":true,"href":"https:\/\/laboxfromage.fr\/blog\/wp-json\/wp\/v2\/comments?post=26966"}],"version-history":[{"count":0,"href":"https:\/\/laboxfromage.fr\/blog\/wp-json\/wp\/v2\/posts\/26966\/revisions"}],"wp:featuredmedia":[{"embeddable":true,"href":"https:\/\/laboxfromage.fr\/blog\/wp-json\/wp\/v2\/media\/26977"}],"wp:attachment":[{"href":"https:\/\/laboxfromage.fr\/blog\/wp-json\/wp\/v2\/media?parent=26966"}],"wp:term":[{"taxonomy":"category","embeddable":true,"href":"https:\/\/laboxfromage.fr\/blog\/wp-json\/wp\/v2\/categories?post=26966"},{"taxonomy":"post_tag","embeddable":true,"href":"https:\/\/laboxfromage.fr\/blog\/wp-json\/wp\/v2\/tags?post=26966"}],"curies":[{"name":"wp","href":"https:\/\/api.w.org\/{rel}","templated":true}]}}